{"id":21897,"date":"2025-10-05T08:00:00","date_gmt":"2025-10-05T06:00:00","guid":{"rendered":"http:\/\/cms.mtsomnii.de\/w7\/merkur-de-gap\/verkostung-von-kaffee-der-zukunft-in-der-murnauer-kaffeeroesterei-93962115-html-2-21897\/"},"modified":"2025-10-05T08:00:00","modified_gmt":"2025-10-05T06:00:00","slug":"verkostung-von-kaffee-der-zukunft-in-der-murnauer-kaffeeroesterei-93962115-html-2","status":"publish","type":"post","link":"http:\/\/cms.mtsomnii.de\/w7\/merkur-de-gap\/verkostung-von-kaffee-der-zukunft-in-der-murnauer-kaffeeroesterei-93962115-html-2-21897\/","title":{"rendered":"Verkostung von Kaffee der Zukunft in der Murnauer Kaffeer\u00f6sterei"},"content":{"rendered":"<div>Die Zukunft des Kaffees steht unter Druck. Studien prognostizieren, dass die Arabica-Produktion bis 2050 um die H\u00e4lfte zur\u00fcckgehen k\u00f6nnte. Nicht zuletzt darum steigen aktuell bereits die Kaffeepreise. Klimawandel, Krankheiten und extreme Wetterereignisse gef\u00e4hrden nicht nur den Genuss in unseren Tassen, sondern vor allem die Existenz von Millionen Kaffeebauern weltweit.<\/div>\n","protected":false},"excerpt":{"rendered":"<p>Die Zukunft des Kaffees steht unter Druck. Studien prognostizieren, dass die Arabica-Produktion bis 2050 um die H\u00e4lfte zur\u00fcckgehen k\u00f6nnte. Nicht zuletzt darum steigen aktuell bereits die Kaffeepreise. Klimawandel, Krankheiten und extreme Wetterereignisse gef\u00e4hrden nicht nur den Genuss in unseren Tassen, sondern vor allem die Existenz von Millionen Kaffeebauern weltweit.<\/p>\n","protected":false},"author":5,"featured_media":0,"comment_status":"closed","ping_status":"open","sticky":false,"template":"","format":"standard","meta":[],"categories":[5],"tags":[],"_links":{"self":[{"href":"http:\/\/cms.mtsomnii.de\/w7\/wp-json\/wp\/v2\/posts\/21897"}],"collection":[{"href":"http:\/\/cms.mtsomnii.de\/w7\/wp-json\/wp\/v2\/posts"}],"about":[{"href":"http:\/\/cms.mtsomnii.de\/w7\/wp-json\/wp\/v2\/types\/post"}],"author":[{"embeddable":true,"href":"http:\/\/cms.mtsomnii.de\/w7\/wp-json\/wp\/v2\/users\/5"}],"replies":[{"embeddable":true,"href":"http:\/\/cms.mtsomnii.de\/w7\/wp-json\/wp\/v2\/comments?post=21897"}],"version-history":[{"count":0,"href":"http:\/\/cms.mtsomnii.de\/w7\/wp-json\/wp\/v2\/posts\/21897\/revisions"}],"wp:attachment":[{"href":"http:\/\/cms.mtsomnii.de\/w7\/wp-json\/wp\/v2\/media?parent=21897"}],"wp:term":[{"taxonomy":"category","embeddable":true,"href":"http:\/\/cms.mtsomnii.de\/w7\/wp-json\/wp\/v2\/categories?post=21897"},{"taxonomy":"post_tag","embeddable":true,"href":"http:\/\/cms.mtsomnii.de\/w7\/wp-json\/wp\/v2\/tags?post=21897"}],"curies":[{"name":"wp","href":"https:\/\/api.w.org\/{rel}","templated":true}]}}