{"id":21910,"date":"2025-10-05T13:00:00","date_gmt":"2025-10-05T11:00:00","guid":{"rendered":"http:\/\/cms.mtsomnii.de\/w7\/merkur-de-gap\/fahrgast-rueckgang-kranzberg-sesselbahn-kaempft-2024-mit-93968165-html-21910\/"},"modified":"2025-10-05T13:00:00","modified_gmt":"2025-10-05T11:00:00","slug":"fahrgast-rueckgang-kranzberg-sesselbahn-kaempft-2024-mit-93968165-html","status":"publish","type":"post","link":"http:\/\/cms.mtsomnii.de\/w7\/merkur-de-gap\/fahrgast-rueckgang-kranzberg-sesselbahn-kaempft-2024-mit-93968165-html-21910\/","title":{"rendered":"Sesselbahn in Oberbayern k\u00e4mpft mit Fahrgast-R\u00fcckgang: Ruf nach einer L\u00f6sung wird laut"},"content":{"rendered":"<div>In die Kranzberg-Sesselbahn wollen immer weniger Fahrg\u00e4ste einsteigen. Die Gesch\u00e4ftszahlen 2024 jedenfalls sind ern\u00fcchternd.<\/div>\n","protected":false},"excerpt":{"rendered":"<p>In die Kranzberg-Sesselbahn wollen immer weniger Fahrg\u00e4ste einsteigen. Die Gesch\u00e4ftszahlen 2024 jedenfalls sind ern\u00fcchternd.<\/p>\n","protected":false},"author":5,"featured_media":0,"comment_status":"closed","ping_status":"open","sticky":false,"template":"","format":"standard","meta":[],"categories":[5],"tags":[],"_links":{"self":[{"href":"http:\/\/cms.mtsomnii.de\/w7\/wp-json\/wp\/v2\/posts\/21910"}],"collection":[{"href":"http:\/\/cms.mtsomnii.de\/w7\/wp-json\/wp\/v2\/posts"}],"about":[{"href":"http:\/\/cms.mtsomnii.de\/w7\/wp-json\/wp\/v2\/types\/post"}],"author":[{"embeddable":true,"href":"http:\/\/cms.mtsomnii.de\/w7\/wp-json\/wp\/v2\/users\/5"}],"replies":[{"embeddable":true,"href":"http:\/\/cms.mtsomnii.de\/w7\/wp-json\/wp\/v2\/comments?post=21910"}],"version-history":[{"count":0,"href":"http:\/\/cms.mtsomnii.de\/w7\/wp-json\/wp\/v2\/posts\/21910\/revisions"}],"wp:attachment":[{"href":"http:\/\/cms.mtsomnii.de\/w7\/wp-json\/wp\/v2\/media?parent=21910"}],"wp:term":[{"taxonomy":"category","embeddable":true,"href":"http:\/\/cms.mtsomnii.de\/w7\/wp-json\/wp\/v2\/categories?post=21910"},{"taxonomy":"post_tag","embeddable":true,"href":"http:\/\/cms.mtsomnii.de\/w7\/wp-json\/wp\/v2\/tags?post=21910"}],"curies":[{"name":"wp","href":"https:\/\/api.w.org\/{rel}","templated":true}]}}