{"id":21917,"date":"2025-10-06T14:10:00","date_gmt":"2025-10-06T12:10:00","guid":{"rendered":"http:\/\/cms.mtsomnii.de\/w7\/merkur-de-gap\/licht-alpspitz-wellenbad-setzt-bei-sanierung-auf-glas-und-93971572-html-21917\/"},"modified":"2025-10-06T14:10:00","modified_gmt":"2025-10-06T12:10:00","slug":"licht-alpspitz-wellenbad-setzt-bei-sanierung-auf-glas-und-93971572-html","status":"publish","type":"post","link":"http:\/\/cms.mtsomnii.de\/w7\/merkur-de-gap\/licht-alpspitz-wellenbad-setzt-bei-sanierung-auf-glas-und-93971572-html-21917\/","title":{"rendered":"Alpspitz-Wellenbad: Werke setzen bei Sanierung auf Glas und Licht"},"content":{"rendered":"<div>33 Millionen Euro, so die aktuelle Kalkulation, investieren die Gemeindewerke in die Generalsanierung des Alpspitz-Wellenbads. Am Grundriss \u00e4ndert sich dabei nichts, auch die Wasserfl\u00e4che bleibt mit 943 Quadratmetern gleich. Die Wiederer\u00f6ffnung ist f\u00fcr das erste Halbjahr 2026 geplant<\/div>\n","protected":false},"excerpt":{"rendered":"<p>33 Millionen Euro, so die aktuelle Kalkulation, investieren die Gemeindewerke in die Generalsanierung des Alpspitz-Wellenbads. Am Grundriss \u00e4ndert sich dabei nichts, auch die Wasserfl\u00e4che bleibt mit 943 Quadratmetern gleich. Die Wiederer\u00f6ffnung ist f\u00fcr das erste Halbjahr 2026 geplant<\/p>\n","protected":false},"author":5,"featured_media":0,"comment_status":"closed","ping_status":"open","sticky":false,"template":"","format":"standard","meta":[],"categories":[5],"tags":[],"_links":{"self":[{"href":"http:\/\/cms.mtsomnii.de\/w7\/wp-json\/wp\/v2\/posts\/21917"}],"collection":[{"href":"http:\/\/cms.mtsomnii.de\/w7\/wp-json\/wp\/v2\/posts"}],"about":[{"href":"http:\/\/cms.mtsomnii.de\/w7\/wp-json\/wp\/v2\/types\/post"}],"author":[{"embeddable":true,"href":"http:\/\/cms.mtsomnii.de\/w7\/wp-json\/wp\/v2\/users\/5"}],"replies":[{"embeddable":true,"href":"http:\/\/cms.mtsomnii.de\/w7\/wp-json\/wp\/v2\/comments?post=21917"}],"version-history":[{"count":0,"href":"http:\/\/cms.mtsomnii.de\/w7\/wp-json\/wp\/v2\/posts\/21917\/revisions"}],"wp:attachment":[{"href":"http:\/\/cms.mtsomnii.de\/w7\/wp-json\/wp\/v2\/media?parent=21917"}],"wp:term":[{"taxonomy":"category","embeddable":true,"href":"http:\/\/cms.mtsomnii.de\/w7\/wp-json\/wp\/v2\/categories?post=21917"},{"taxonomy":"post_tag","embeddable":true,"href":"http:\/\/cms.mtsomnii.de\/w7\/wp-json\/wp\/v2\/tags?post=21917"}],"curies":[{"name":"wp","href":"https:\/\/api.w.org\/{rel}","templated":true}]}}