{"id":21921,"date":"2025-10-07T20:00:00","date_gmt":"2025-10-07T18:00:00","guid":{"rendered":"http:\/\/cms.mtsomnii.de\/w7\/merkur-de-gap\/buergergeld-sorgt-bei-murnauerin-fuer-frust-angst-unmut-93974322-html-21921\/"},"modified":"2025-10-07T20:00:00","modified_gmt":"2025-10-07T18:00:00","slug":"buergergeld-sorgt-bei-murnauerin-fuer-frust-angst-unmut-93974322-html","status":"publish","type":"post","link":"http:\/\/cms.mtsomnii.de\/w7\/merkur-de-gap\/buergergeld-sorgt-bei-murnauerin-fuer-frust-angst-unmut-93974322-html-21921\/","title":{"rendered":"B\u00fcrgergeld sorgt bei Murnauerin f\u00fcr Frust, Angst, Unmut"},"content":{"rendered":"<div>Zwischen Juni 2024 und Mai 2025 bezogen im Schnitt 2416 Menschen im Landkreis Garmisch-Partenkirchen B\u00fcrgergeld. Dieses steht in der Diskussion. Zum Kern eines neuen Gesetzes sollen versch\u00e4rfte Regeln geh\u00f6ren. Allen B\u00fcrgergeld-Empf\u00e4ngern zu unterstellen, sie w\u00fcrden die Sozialsysteme auspl\u00fcndern, dieser Vorwurf l\u00e4uft allerdings ins Leere. Es gibt auch Menschen, die zu krank sind, um zu arbeiten, und die auf Unterst\u00fctzung angewiesen sind. Eine von ihnen lebt in Murnau.<\/div>\n","protected":false},"excerpt":{"rendered":"<p>Zwischen Juni 2024 und Mai 2025 bezogen im Schnitt 2416 Menschen im Landkreis Garmisch-Partenkirchen B\u00fcrgergeld. Dieses steht in der Diskussion. Zum Kern eines neuen Gesetzes sollen versch\u00e4rfte Regeln geh\u00f6ren. Allen B\u00fcrgergeld-Empf\u00e4ngern zu unterstellen, sie w\u00fcrden die Sozialsysteme auspl\u00fcndern, dieser Vorwurf l\u00e4uft allerdings ins Leere. Es gibt auch Menschen, die zu krank sind, um zu arbeiten, und die auf Unterst\u00fctzung angewiesen<\/p>\n","protected":false},"author":5,"featured_media":0,"comment_status":"closed","ping_status":"open","sticky":false,"template":"","format":"standard","meta":[],"categories":[5],"tags":[],"_links":{"self":[{"href":"http:\/\/cms.mtsomnii.de\/w7\/wp-json\/wp\/v2\/posts\/21921"}],"collection":[{"href":"http:\/\/cms.mtsomnii.de\/w7\/wp-json\/wp\/v2\/posts"}],"about":[{"href":"http:\/\/cms.mtsomnii.de\/w7\/wp-json\/wp\/v2\/types\/post"}],"author":[{"embeddable":true,"href":"http:\/\/cms.mtsomnii.de\/w7\/wp-json\/wp\/v2\/users\/5"}],"replies":[{"embeddable":true,"href":"http:\/\/cms.mtsomnii.de\/w7\/wp-json\/wp\/v2\/comments?post=21921"}],"version-history":[{"count":0,"href":"http:\/\/cms.mtsomnii.de\/w7\/wp-json\/wp\/v2\/posts\/21921\/revisions"}],"wp:attachment":[{"href":"http:\/\/cms.mtsomnii.de\/w7\/wp-json\/wp\/v2\/media?parent=21921"}],"wp:term":[{"taxonomy":"category","embeddable":true,"href":"http:\/\/cms.mtsomnii.de\/w7\/wp-json\/wp\/v2\/categories?post=21921"},{"taxonomy":"post_tag","embeddable":true,"href":"http:\/\/cms.mtsomnii.de\/w7\/wp-json\/wp\/v2\/tags?post=21921"}],"curies":[{"name":"wp","href":"https:\/\/api.w.org\/{rel}","templated":true}]}}