{"id":21933,"date":"2025-10-08T17:05:01","date_gmt":"2025-10-08T15:05:01","guid":{"rendered":"http:\/\/cms.mtsomnii.de\/w7\/merkur-de-gap\/raetselhafter-vorfall-wasserkraftwerk-stauwehr-kruen-oel-isar-93976162-html-2-21933\/"},"modified":"2025-10-08T17:05:01","modified_gmt":"2025-10-08T15:05:01","slug":"raetselhafter-vorfall-wasserkraftwerk-stauwehr-kruen-oel-isar-93976162-html-2","status":"publish","type":"post","link":"http:\/\/cms.mtsomnii.de\/w7\/merkur-de-gap\/raetselhafter-vorfall-wasserkraftwerk-stauwehr-kruen-oel-isar-93976162-html-2-21933\/","title":{"rendered":"R\u00e4tselhafter Vorfall an Wasserkraftwerk: \u00d6l gelangt in die Isar \u2013 \u201eSehr ungew\u00f6hnlicher Vorgang\u201c"},"content":{"rendered":"<div>Das ging nochmal gut aus: Am Wasserkraftwerk in Kr\u00fcn ist \u00d6l in die Isar getreten. Wie genau es dazu kam, ist noch nicht vollst\u00e4ndig klar.<\/div>\n","protected":false},"excerpt":{"rendered":"<p>Das ging nochmal gut aus: Am Wasserkraftwerk in Kr\u00fcn ist \u00d6l in die Isar getreten. Wie genau es dazu kam, ist noch nicht vollst\u00e4ndig klar.<\/p>\n","protected":false},"author":5,"featured_media":0,"comment_status":"closed","ping_status":"open","sticky":false,"template":"","format":"standard","meta":[],"categories":[5],"tags":[],"_links":{"self":[{"href":"http:\/\/cms.mtsomnii.de\/w7\/wp-json\/wp\/v2\/posts\/21933"}],"collection":[{"href":"http:\/\/cms.mtsomnii.de\/w7\/wp-json\/wp\/v2\/posts"}],"about":[{"href":"http:\/\/cms.mtsomnii.de\/w7\/wp-json\/wp\/v2\/types\/post"}],"author":[{"embeddable":true,"href":"http:\/\/cms.mtsomnii.de\/w7\/wp-json\/wp\/v2\/users\/5"}],"replies":[{"embeddable":true,"href":"http:\/\/cms.mtsomnii.de\/w7\/wp-json\/wp\/v2\/comments?post=21933"}],"version-history":[{"count":0,"href":"http:\/\/cms.mtsomnii.de\/w7\/wp-json\/wp\/v2\/posts\/21933\/revisions"}],"wp:attachment":[{"href":"http:\/\/cms.mtsomnii.de\/w7\/wp-json\/wp\/v2\/media?parent=21933"}],"wp:term":[{"taxonomy":"category","embeddable":true,"href":"http:\/\/cms.mtsomnii.de\/w7\/wp-json\/wp\/v2\/categories?post=21933"},{"taxonomy":"post_tag","embeddable":true,"href":"http:\/\/cms.mtsomnii.de\/w7\/wp-json\/wp\/v2\/tags?post=21933"}],"curies":[{"name":"wp","href":"https:\/\/api.w.org\/{rel}","templated":true}]}}