{"id":21937,"date":"2025-10-09T09:57:04","date_gmt":"2025-10-09T07:57:04","guid":{"rendered":"http:\/\/cms.mtsomnii.de\/w7\/kreisbote-gap\/mehr-fluch-als-segen-demonstration-soll-verkehrswende-in-grainau-erreichen-93977055-html-21937\/"},"modified":"2025-10-09T09:57:04","modified_gmt":"2025-10-09T07:57:04","slug":"mehr-fluch-als-segen-demonstration-soll-verkehrswende-in-grainau-erreichen-93977055-html","status":"publish","type":"post","link":"http:\/\/cms.mtsomnii.de\/w7\/kreisbote-gap\/mehr-fluch-als-segen-demonstration-soll-verkehrswende-in-grainau-erreichen-93977055-html-21937\/","title":{"rendered":"Mehr Fluch als Segen? Demonstration soll Verkehrswende in Grainau erreichen"},"content":{"rendered":"<div>Menschenmassen, L\u00e4rm, schimpfende Personen \u2013 und st\u00e4ndiger Stau. Es sind Szenen, die man sich kaum f\u00fcr den doch eigentlich so idyllisch wirkenden Ort Grainau und den blau-gr\u00fcn schimmernden Eibsee ausmalen kann. Nein \u2013 die man sich nicht ausmalen konnte. Denn seit geraumer Zeit sind ebendiese Szenen bittere Realit\u00e4t f\u00fcr Einheimische und G\u00e4ste des Zugspitzdorfes geworden.<\/div>\n","protected":false},"excerpt":{"rendered":"<p>Menschenmassen, L\u00e4rm, schimpfende Personen \u2013 und st\u00e4ndiger Stau. Es sind Szenen, die man sich kaum f\u00fcr den doch eigentlich so idyllisch wirkenden Ort Grainau und den blau-gr\u00fcn schimmernden Eibsee ausmalen kann. Nein \u2013 die man sich nicht ausmalen konnte. Denn seit geraumer Zeit sind ebendiese Szenen bittere Realit\u00e4t f\u00fcr Einheimische und G\u00e4ste des Zugspitzdorfes geworden.<\/p>\n","protected":false},"author":4,"featured_media":0,"comment_status":"closed","ping_status":"open","sticky":false,"template":"","format":"standard","meta":[],"categories":[2],"tags":[],"_links":{"self":[{"href":"http:\/\/cms.mtsomnii.de\/w7\/wp-json\/wp\/v2\/posts\/21937"}],"collection":[{"href":"http:\/\/cms.mtsomnii.de\/w7\/wp-json\/wp\/v2\/posts"}],"about":[{"href":"http:\/\/cms.mtsomnii.de\/w7\/wp-json\/wp\/v2\/types\/post"}],"author":[{"embeddable":true,"href":"http:\/\/cms.mtsomnii.de\/w7\/wp-json\/wp\/v2\/users\/4"}],"replies":[{"embeddable":true,"href":"http:\/\/cms.mtsomnii.de\/w7\/wp-json\/wp\/v2\/comments?post=21937"}],"version-history":[{"count":0,"href":"http:\/\/cms.mtsomnii.de\/w7\/wp-json\/wp\/v2\/posts\/21937\/revisions"}],"wp:attachment":[{"href":"http:\/\/cms.mtsomnii.de\/w7\/wp-json\/wp\/v2\/media?parent=21937"}],"wp:term":[{"taxonomy":"category","embeddable":true,"href":"http:\/\/cms.mtsomnii.de\/w7\/wp-json\/wp\/v2\/categories?post=21937"},{"taxonomy":"post_tag","embeddable":true,"href":"http:\/\/cms.mtsomnii.de\/w7\/wp-json\/wp\/v2\/tags?post=21937"}],"curies":[{"name":"wp","href":"https:\/\/api.w.org\/{rel}","templated":true}]}}