{"id":21941,"date":"2025-10-09T16:00:00","date_gmt":"2025-10-09T14:00:00","guid":{"rendered":"http:\/\/cms.mtsomnii.de\/w7\/merkur-de-gap\/es-wird-wieder-angepackt-die-arbeiten-fuer-den-neubau-der-kita-st-martin-in-garmisch-partenkirchen-gehen-weiter-93977072-html-2-21941\/"},"modified":"2025-10-09T16:00:00","modified_gmt":"2025-10-09T14:00:00","slug":"es-wird-wieder-angepackt-die-arbeiten-fuer-den-neubau-der-kita-st-martin-in-garmisch-partenkirchen-gehen-weiter-93977072-html-2","status":"publish","type":"post","link":"http:\/\/cms.mtsomnii.de\/w7\/merkur-de-gap\/es-wird-wieder-angepackt-die-arbeiten-fuer-den-neubau-der-kita-st-martin-in-garmisch-partenkirchen-gehen-weiter-93977072-html-2-21941\/","title":{"rendered":"Es wird (wieder) angepackt: Die Arbeiten f\u00fcr den Neubau der Kita St. Martin in Garmisch-Partenkirchen gehen weiter"},"content":{"rendered":"<div>Es geht weiter mit den Bauarbeiten auf dem kircheneigenen Gel\u00e4nde in der Garmischer Brauhausstra\u00dfe 7! Dort, wo der Neubau der katholischen Kindertagesst\u00e4tte St. Martin entstehen soll.<\/div>\n","protected":false},"excerpt":{"rendered":"<p>Es geht weiter mit den Bauarbeiten auf dem kircheneigenen Gel\u00e4nde in der Garmischer Brauhausstra\u00dfe 7! Dort, wo der Neubau der katholischen Kindertagesst\u00e4tte St. Martin entstehen soll.<\/p>\n","protected":false},"author":5,"featured_media":0,"comment_status":"closed","ping_status":"open","sticky":false,"template":"","format":"standard","meta":[],"categories":[5],"tags":[],"_links":{"self":[{"href":"http:\/\/cms.mtsomnii.de\/w7\/wp-json\/wp\/v2\/posts\/21941"}],"collection":[{"href":"http:\/\/cms.mtsomnii.de\/w7\/wp-json\/wp\/v2\/posts"}],"about":[{"href":"http:\/\/cms.mtsomnii.de\/w7\/wp-json\/wp\/v2\/types\/post"}],"author":[{"embeddable":true,"href":"http:\/\/cms.mtsomnii.de\/w7\/wp-json\/wp\/v2\/users\/5"}],"replies":[{"embeddable":true,"href":"http:\/\/cms.mtsomnii.de\/w7\/wp-json\/wp\/v2\/comments?post=21941"}],"version-history":[{"count":0,"href":"http:\/\/cms.mtsomnii.de\/w7\/wp-json\/wp\/v2\/posts\/21941\/revisions"}],"wp:attachment":[{"href":"http:\/\/cms.mtsomnii.de\/w7\/wp-json\/wp\/v2\/media?parent=21941"}],"wp:term":[{"taxonomy":"category","embeddable":true,"href":"http:\/\/cms.mtsomnii.de\/w7\/wp-json\/wp\/v2\/categories?post=21941"},{"taxonomy":"post_tag","embeddable":true,"href":"http:\/\/cms.mtsomnii.de\/w7\/wp-json\/wp\/v2\/tags?post=21941"}],"curies":[{"name":"wp","href":"https:\/\/api.w.org\/{rel}","templated":true}]}}