{"id":21945,"date":"2025-10-10T07:19:00","date_gmt":"2025-10-10T05:19:00","guid":{"rendered":"http:\/\/cms.mtsomnii.de\/w7\/merkur-de-gap\/benedikt-hoechner-will-als-spd-kandidat-ins-murnauer-rathaus-93978084-html-21945\/"},"modified":"2025-10-10T07:19:00","modified_gmt":"2025-10-10T05:19:00","slug":"benedikt-hoechner-will-als-spd-kandidat-ins-murnauer-rathaus-93978084-html","status":"publish","type":"post","link":"http:\/\/cms.mtsomnii.de\/w7\/merkur-de-gap\/benedikt-hoechner-will-als-spd-kandidat-ins-murnauer-rathaus-93978084-html-21945\/","title":{"rendered":"Benedikt Hoechner will als SPD-Kandidat ins Murnauer Rathaus"},"content":{"rendered":"<div>Jetzt sind es drei: Benedikt Hoechner fordert bei der B\u00fcrgermeisterwahl 2026 Amtsinhaber Rolf Beuting heraus. F\u00fcr die Gr\u00fcnen will Robert Herz ins Murnauer Rathaus einziehen.<\/div>\n","protected":false},"excerpt":{"rendered":"<p>Jetzt sind es drei: Benedikt Hoechner fordert bei der B\u00fcrgermeisterwahl 2026 Amtsinhaber Rolf Beuting heraus. F\u00fcr die Gr\u00fcnen will Robert Herz ins Murnauer Rathaus einziehen.<\/p>\n","protected":false},"author":5,"featured_media":0,"comment_status":"closed","ping_status":"open","sticky":false,"template":"","format":"standard","meta":[],"categories":[5],"tags":[],"_links":{"self":[{"href":"http:\/\/cms.mtsomnii.de\/w7\/wp-json\/wp\/v2\/posts\/21945"}],"collection":[{"href":"http:\/\/cms.mtsomnii.de\/w7\/wp-json\/wp\/v2\/posts"}],"about":[{"href":"http:\/\/cms.mtsomnii.de\/w7\/wp-json\/wp\/v2\/types\/post"}],"author":[{"embeddable":true,"href":"http:\/\/cms.mtsomnii.de\/w7\/wp-json\/wp\/v2\/users\/5"}],"replies":[{"embeddable":true,"href":"http:\/\/cms.mtsomnii.de\/w7\/wp-json\/wp\/v2\/comments?post=21945"}],"version-history":[{"count":0,"href":"http:\/\/cms.mtsomnii.de\/w7\/wp-json\/wp\/v2\/posts\/21945\/revisions"}],"wp:attachment":[{"href":"http:\/\/cms.mtsomnii.de\/w7\/wp-json\/wp\/v2\/media?parent=21945"}],"wp:term":[{"taxonomy":"category","embeddable":true,"href":"http:\/\/cms.mtsomnii.de\/w7\/wp-json\/wp\/v2\/categories?post=21945"},{"taxonomy":"post_tag","embeddable":true,"href":"http:\/\/cms.mtsomnii.de\/w7\/wp-json\/wp\/v2\/tags?post=21945"}],"curies":[{"name":"wp","href":"https:\/\/api.w.org\/{rel}","templated":true}]}}