{"id":21952,"date":"2025-10-10T17:45:00","date_gmt":"2025-10-10T15:45:00","guid":{"rendered":"http:\/\/cms.mtsomnii.de\/w7\/merkur-de-gap\/zdf-zeigt-doku-serie-ueber-den-alltag-der-unfallklinik-murnau-93980475-html-21952\/"},"modified":"2025-10-10T17:45:00","modified_gmt":"2025-10-10T15:45:00","slug":"zdf-zeigt-doku-serie-ueber-den-alltag-der-unfallklinik-murnau-93980475-html","status":"publish","type":"post","link":"http:\/\/cms.mtsomnii.de\/w7\/merkur-de-gap\/zdf-zeigt-doku-serie-ueber-den-alltag-der-unfallklinik-murnau-93980475-html-21952\/","title":{"rendered":"ZDF-Doku-Serie verschafft Unfallklinik Murnau ganz gro\u00dfe B\u00fchne"},"content":{"rendered":"<div>Die f\u00fcnfteilige Produktion begleitet \u00c4rzte, Therapeuten und Pflegekr\u00e4fte hautnah und gibt neue Einblicke in das renommierte Traumazentrum.<\/div>\n","protected":false},"excerpt":{"rendered":"<p>Die f\u00fcnfteilige Produktion begleitet \u00c4rzte, Therapeuten und Pflegekr\u00e4fte hautnah und gibt neue Einblicke in das renommierte Traumazentrum.<\/p>\n","protected":false},"author":5,"featured_media":0,"comment_status":"closed","ping_status":"open","sticky":false,"template":"","format":"standard","meta":[],"categories":[5],"tags":[],"_links":{"self":[{"href":"http:\/\/cms.mtsomnii.de\/w7\/wp-json\/wp\/v2\/posts\/21952"}],"collection":[{"href":"http:\/\/cms.mtsomnii.de\/w7\/wp-json\/wp\/v2\/posts"}],"about":[{"href":"http:\/\/cms.mtsomnii.de\/w7\/wp-json\/wp\/v2\/types\/post"}],"author":[{"embeddable":true,"href":"http:\/\/cms.mtsomnii.de\/w7\/wp-json\/wp\/v2\/users\/5"}],"replies":[{"embeddable":true,"href":"http:\/\/cms.mtsomnii.de\/w7\/wp-json\/wp\/v2\/comments?post=21952"}],"version-history":[{"count":0,"href":"http:\/\/cms.mtsomnii.de\/w7\/wp-json\/wp\/v2\/posts\/21952\/revisions"}],"wp:attachment":[{"href":"http:\/\/cms.mtsomnii.de\/w7\/wp-json\/wp\/v2\/media?parent=21952"}],"wp:term":[{"taxonomy":"category","embeddable":true,"href":"http:\/\/cms.mtsomnii.de\/w7\/wp-json\/wp\/v2\/categories?post=21952"},{"taxonomy":"post_tag","embeddable":true,"href":"http:\/\/cms.mtsomnii.de\/w7\/wp-json\/wp\/v2\/tags?post=21952"}],"curies":[{"name":"wp","href":"https:\/\/api.w.org\/{rel}","templated":true}]}}