{"id":21956,"date":"2025-10-11T08:00:00","date_gmt":"2025-10-11T06:00:00","guid":{"rendered":"http:\/\/cms.mtsomnii.de\/w7\/merkur-de-gap\/voller-erfolg-europaeische-mobilitaetswoche-im-landkreis-garmisch-partenkirchen-93977121-html-2-21956\/"},"modified":"2025-10-11T08:00:00","modified_gmt":"2025-10-11T06:00:00","slug":"voller-erfolg-europaeische-mobilitaetswoche-im-landkreis-garmisch-partenkirchen-93977121-html-2","status":"publish","type":"post","link":"http:\/\/cms.mtsomnii.de\/w7\/merkur-de-gap\/voller-erfolg-europaeische-mobilitaetswoche-im-landkreis-garmisch-partenkirchen-93977121-html-2-21956\/","title":{"rendered":"Voller Erfolg: Europ\u00e4ische Mobilit\u00e4tswoche im Landkreis Garmisch-Partenkirchen"},"content":{"rendered":"<div>Nach Ansicht von Landrat Anton Speer habe die Europ\u00e4ische Mobilit\u00e4tswoche eindrucksvoll gezeigt, dass nachhaltige Mobilit\u00e4t im Landkreis Garmisch-Partenkirchen nicht nur ein abstraktes Ziel sei, sondern im Alltag ganz konkret erlebbar werde.<\/div>\n","protected":false},"excerpt":{"rendered":"<p>Nach Ansicht von Landrat Anton Speer habe die Europ\u00e4ische Mobilit\u00e4tswoche eindrucksvoll gezeigt, dass nachhaltige Mobilit\u00e4t im Landkreis Garmisch-Partenkirchen nicht nur ein abstraktes Ziel sei, sondern im Alltag ganz konkret erlebbar werde.<\/p>\n","protected":false},"author":5,"featured_media":0,"comment_status":"closed","ping_status":"open","sticky":false,"template":"","format":"standard","meta":[],"categories":[5],"tags":[],"_links":{"self":[{"href":"http:\/\/cms.mtsomnii.de\/w7\/wp-json\/wp\/v2\/posts\/21956"}],"collection":[{"href":"http:\/\/cms.mtsomnii.de\/w7\/wp-json\/wp\/v2\/posts"}],"about":[{"href":"http:\/\/cms.mtsomnii.de\/w7\/wp-json\/wp\/v2\/types\/post"}],"author":[{"embeddable":true,"href":"http:\/\/cms.mtsomnii.de\/w7\/wp-json\/wp\/v2\/users\/5"}],"replies":[{"embeddable":true,"href":"http:\/\/cms.mtsomnii.de\/w7\/wp-json\/wp\/v2\/comments?post=21956"}],"version-history":[{"count":0,"href":"http:\/\/cms.mtsomnii.de\/w7\/wp-json\/wp\/v2\/posts\/21956\/revisions"}],"wp:attachment":[{"href":"http:\/\/cms.mtsomnii.de\/w7\/wp-json\/wp\/v2\/media?parent=21956"}],"wp:term":[{"taxonomy":"category","embeddable":true,"href":"http:\/\/cms.mtsomnii.de\/w7\/wp-json\/wp\/v2\/categories?post=21956"},{"taxonomy":"post_tag","embeddable":true,"href":"http:\/\/cms.mtsomnii.de\/w7\/wp-json\/wp\/v2\/tags?post=21956"}],"curies":[{"name":"wp","href":"https:\/\/api.w.org\/{rel}","templated":true}]}}