{"id":21964,"date":"2025-10-13T07:00:00","date_gmt":"2025-10-13T05:00:00","guid":{"rendered":"http:\/\/cms.mtsomnii.de\/w7\/merkur-de-gap\/termin-bei-bayerischer-ministerin-bundesverdienstkreuz-warum-sich-der-staat-vor-dieser-landfrau-tief-verneigt-93981893-html-21964\/"},"modified":"2025-10-13T07:00:00","modified_gmt":"2025-10-13T05:00:00","slug":"termin-bei-bayerischer-ministerin-bundesverdienstkreuz-warum-sich-der-staat-vor-dieser-landfrau-tief-verneigt-93981893-html","status":"publish","type":"post","link":"http:\/\/cms.mtsomnii.de\/w7\/merkur-de-gap\/termin-bei-bayerischer-ministerin-bundesverdienstkreuz-warum-sich-der-staat-vor-dieser-landfrau-tief-verneigt-93981893-html-21964\/","title":{"rendered":"Bundesverdienstkreuz: Warum sich der Staat vor dieser Landfrau tief verneigt"},"content":{"rendered":"<div>Sich f\u00fcr andere einsetzen, ist f\u00fcr Marlene Sch\u00f6pf eine Selbstverst\u00e4ndlichkeit und unverzichtbarer Teil ihrer christlichen \u00dcberzeugung. Diese uneigenn\u00fctzige Tatkraft wurde nun belohnt mit dem Bundesverdienstkreuz am Bande.<\/div>\n","protected":false},"excerpt":{"rendered":"<p>Sich f\u00fcr andere einsetzen, ist f\u00fcr Marlene Sch\u00f6pf eine Selbstverst\u00e4ndlichkeit und unverzichtbarer Teil ihrer christlichen \u00dcberzeugung. Diese uneigenn\u00fctzige Tatkraft wurde nun belohnt mit dem Bundesverdienstkreuz am Bande.<\/p>\n","protected":false},"author":5,"featured_media":0,"comment_status":"closed","ping_status":"open","sticky":false,"template":"","format":"standard","meta":[],"categories":[5],"tags":[],"_links":{"self":[{"href":"http:\/\/cms.mtsomnii.de\/w7\/wp-json\/wp\/v2\/posts\/21964"}],"collection":[{"href":"http:\/\/cms.mtsomnii.de\/w7\/wp-json\/wp\/v2\/posts"}],"about":[{"href":"http:\/\/cms.mtsomnii.de\/w7\/wp-json\/wp\/v2\/types\/post"}],"author":[{"embeddable":true,"href":"http:\/\/cms.mtsomnii.de\/w7\/wp-json\/wp\/v2\/users\/5"}],"replies":[{"embeddable":true,"href":"http:\/\/cms.mtsomnii.de\/w7\/wp-json\/wp\/v2\/comments?post=21964"}],"version-history":[{"count":0,"href":"http:\/\/cms.mtsomnii.de\/w7\/wp-json\/wp\/v2\/posts\/21964\/revisions"}],"wp:attachment":[{"href":"http:\/\/cms.mtsomnii.de\/w7\/wp-json\/wp\/v2\/media?parent=21964"}],"wp:term":[{"taxonomy":"category","embeddable":true,"href":"http:\/\/cms.mtsomnii.de\/w7\/wp-json\/wp\/v2\/categories?post=21964"},{"taxonomy":"post_tag","embeddable":true,"href":"http:\/\/cms.mtsomnii.de\/w7\/wp-json\/wp\/v2\/tags?post=21964"}],"curies":[{"name":"wp","href":"https:\/\/api.w.org\/{rel}","templated":true}]}}