{"id":21981,"date":"2025-10-14T13:07:11","date_gmt":"2025-10-14T11:07:11","guid":{"rendered":"http:\/\/cms.mtsomnii.de\/w7\/merkur-de-gap\/vermisstenfall-oberau-endet-tragisch-88-jaehriger-verschwindet-stirbt-93985535-html-21981\/"},"modified":"2025-10-14T13:07:11","modified_gmt":"2025-10-14T11:07:11","slug":"vermisstenfall-oberau-endet-tragisch-88-jaehriger-verschwindet-stirbt-93985535-html","status":"publish","type":"post","link":"http:\/\/cms.mtsomnii.de\/w7\/merkur-de-gap\/vermisstenfall-oberau-endet-tragisch-88-jaehriger-verschwindet-stirbt-93985535-html-21981\/","title":{"rendered":"Vermisstenfall endet tragisch: 88-J\u00e4hriger verschwindet aus Pflegeeinrichtung und stirbt"},"content":{"rendered":"<div>Ein 88-J\u00e4hriger wurde nach einer Suchaktion lebend im einem Gew\u00e4sser entdeckt. Trotz Reanimation starb er im Krankenhaus. Die Polizei ermittelt.<\/div>\n","protected":false},"excerpt":{"rendered":"<p>Ein 88-J\u00e4hriger wurde nach einer Suchaktion lebend im einem Gew\u00e4sser entdeckt. Trotz Reanimation starb er im Krankenhaus. Die Polizei ermittelt.<\/p>\n","protected":false},"author":5,"featured_media":0,"comment_status":"closed","ping_status":"open","sticky":false,"template":"","format":"standard","meta":[],"categories":[5],"tags":[],"_links":{"self":[{"href":"http:\/\/cms.mtsomnii.de\/w7\/wp-json\/wp\/v2\/posts\/21981"}],"collection":[{"href":"http:\/\/cms.mtsomnii.de\/w7\/wp-json\/wp\/v2\/posts"}],"about":[{"href":"http:\/\/cms.mtsomnii.de\/w7\/wp-json\/wp\/v2\/types\/post"}],"author":[{"embeddable":true,"href":"http:\/\/cms.mtsomnii.de\/w7\/wp-json\/wp\/v2\/users\/5"}],"replies":[{"embeddable":true,"href":"http:\/\/cms.mtsomnii.de\/w7\/wp-json\/wp\/v2\/comments?post=21981"}],"version-history":[{"count":0,"href":"http:\/\/cms.mtsomnii.de\/w7\/wp-json\/wp\/v2\/posts\/21981\/revisions"}],"wp:attachment":[{"href":"http:\/\/cms.mtsomnii.de\/w7\/wp-json\/wp\/v2\/media?parent=21981"}],"wp:term":[{"taxonomy":"category","embeddable":true,"href":"http:\/\/cms.mtsomnii.de\/w7\/wp-json\/wp\/v2\/categories?post=21981"},{"taxonomy":"post_tag","embeddable":true,"href":"http:\/\/cms.mtsomnii.de\/w7\/wp-json\/wp\/v2\/tags?post=21981"}],"curies":[{"name":"wp","href":"https:\/\/api.w.org\/{rel}","templated":true}]}}