{"id":21982,"date":"2025-10-14T16:05:42","date_gmt":"2025-10-14T14:05:42","guid":{"rendered":"http:\/\/cms.mtsomnii.de\/w7\/merkur-de-gap\/klatsche-krise-landesliga-fussball-garmisch-partenkirchen-abstiegskampf-niederlage-watschn-93985125-html-21982\/"},"modified":"2025-10-14T16:05:42","modified_gmt":"2025-10-14T14:05:42","slug":"klatsche-krise-landesliga-fussball-garmisch-partenkirchen-abstiegskampf-niederlage-watschn-93985125-html","status":"publish","type":"post","link":"http:\/\/cms.mtsomnii.de\/w7\/merkur-de-gap\/klatsche-krise-landesliga-fussball-garmisch-partenkirchen-abstiegskampf-niederlage-watschn-93985125-html-21982\/","title":{"rendered":"\u201eSchlechter kann es nicht mehr werden\u201c: 1. FC steckt in der Krise"},"content":{"rendered":"<div>Die gr\u00f6\u00dfte Watschn dieser Spielzeit d\u00fcrfte f\u00fcr den 1. FC Garmisch-Partenkirchen der letzte Warnschuss im Abstiegskampf gewesen sein.<\/div>\n","protected":false},"excerpt":{"rendered":"<p>Die gr\u00f6\u00dfte Watschn dieser Spielzeit d\u00fcrfte f\u00fcr den 1. FC Garmisch-Partenkirchen der letzte Warnschuss im Abstiegskampf gewesen sein.<\/p>\n","protected":false},"author":5,"featured_media":0,"comment_status":"closed","ping_status":"open","sticky":false,"template":"","format":"standard","meta":[],"categories":[5],"tags":[],"_links":{"self":[{"href":"http:\/\/cms.mtsomnii.de\/w7\/wp-json\/wp\/v2\/posts\/21982"}],"collection":[{"href":"http:\/\/cms.mtsomnii.de\/w7\/wp-json\/wp\/v2\/posts"}],"about":[{"href":"http:\/\/cms.mtsomnii.de\/w7\/wp-json\/wp\/v2\/types\/post"}],"author":[{"embeddable":true,"href":"http:\/\/cms.mtsomnii.de\/w7\/wp-json\/wp\/v2\/users\/5"}],"replies":[{"embeddable":true,"href":"http:\/\/cms.mtsomnii.de\/w7\/wp-json\/wp\/v2\/comments?post=21982"}],"version-history":[{"count":0,"href":"http:\/\/cms.mtsomnii.de\/w7\/wp-json\/wp\/v2\/posts\/21982\/revisions"}],"wp:attachment":[{"href":"http:\/\/cms.mtsomnii.de\/w7\/wp-json\/wp\/v2\/media?parent=21982"}],"wp:term":[{"taxonomy":"category","embeddable":true,"href":"http:\/\/cms.mtsomnii.de\/w7\/wp-json\/wp\/v2\/categories?post=21982"},{"taxonomy":"post_tag","embeddable":true,"href":"http:\/\/cms.mtsomnii.de\/w7\/wp-json\/wp\/v2\/tags?post=21982"}],"curies":[{"name":"wp","href":"https:\/\/api.w.org\/{rel}","templated":true}]}}