{"id":21983,"date":"2025-10-15T07:00:00","date_gmt":"2025-10-15T05:00:00","guid":{"rendered":"http:\/\/cms.mtsomnii.de\/w7\/merkur-de-gap\/auseinander-gelebt-hammer-fuenf-monate-vor-der-kommunalwahl-spaltung-bei-der-buergermeister-partei-93986209-html-21983\/"},"modified":"2025-10-15T07:00:00","modified_gmt":"2025-10-15T05:00:00","slug":"auseinander-gelebt-hammer-fuenf-monate-vor-der-kommunalwahl-spaltung-bei-der-buergermeister-partei-93986209-html","status":"publish","type":"post","link":"http:\/\/cms.mtsomnii.de\/w7\/merkur-de-gap\/auseinander-gelebt-hammer-fuenf-monate-vor-der-kommunalwahl-spaltung-bei-der-buergermeister-partei-93986209-html-21983\/","title":{"rendered":"Hammer f\u00fcnf Monate vor der Kommunalwahl: Spaltung bei der B\u00fcrgermeister-Partei"},"content":{"rendered":"<div>Ein kr\u00e4ftiger Knall ersch\u00fcttert knapp f\u00fcnf Monate vor der Kommunalwahl das politische Wallgau. Die B\u00fcrgermeister-Partei \u2013 der W\u00e4hlerverein \u2013 verliert n\u00e4mlich einen Teil ihrer Mitglieder, die sich als B\u00fcrger f\u00fcr Wallgau neu formieren wollen \u2013 darunter auch Rathauschef Bastian Eiter.<\/div>\n","protected":false},"excerpt":{"rendered":"<p>Ein kr\u00e4ftiger Knall ersch\u00fcttert knapp f\u00fcnf Monate vor der Kommunalwahl das politische Wallgau. Die B\u00fcrgermeister-Partei \u2013 der W\u00e4hlerverein \u2013 verliert n\u00e4mlich einen Teil ihrer Mitglieder, die sich als B\u00fcrger f\u00fcr Wallgau neu formieren wollen \u2013 darunter auch Rathauschef Bastian Eiter.<\/p>\n","protected":false},"author":5,"featured_media":0,"comment_status":"closed","ping_status":"open","sticky":false,"template":"","format":"standard","meta":[],"categories":[5],"tags":[],"_links":{"self":[{"href":"http:\/\/cms.mtsomnii.de\/w7\/wp-json\/wp\/v2\/posts\/21983"}],"collection":[{"href":"http:\/\/cms.mtsomnii.de\/w7\/wp-json\/wp\/v2\/posts"}],"about":[{"href":"http:\/\/cms.mtsomnii.de\/w7\/wp-json\/wp\/v2\/types\/post"}],"author":[{"embeddable":true,"href":"http:\/\/cms.mtsomnii.de\/w7\/wp-json\/wp\/v2\/users\/5"}],"replies":[{"embeddable":true,"href":"http:\/\/cms.mtsomnii.de\/w7\/wp-json\/wp\/v2\/comments?post=21983"}],"version-history":[{"count":0,"href":"http:\/\/cms.mtsomnii.de\/w7\/wp-json\/wp\/v2\/posts\/21983\/revisions"}],"wp:attachment":[{"href":"http:\/\/cms.mtsomnii.de\/w7\/wp-json\/wp\/v2\/media?parent=21983"}],"wp:term":[{"taxonomy":"category","embeddable":true,"href":"http:\/\/cms.mtsomnii.de\/w7\/wp-json\/wp\/v2\/categories?post=21983"},{"taxonomy":"post_tag","embeddable":true,"href":"http:\/\/cms.mtsomnii.de\/w7\/wp-json\/wp\/v2\/tags?post=21983"}],"curies":[{"name":"wp","href":"https:\/\/api.w.org\/{rel}","templated":true}]}}