{"id":22011,"date":"2025-10-18T16:00:00","date_gmt":"2025-10-18T14:00:00","guid":{"rendered":"http:\/\/cms.mtsomnii.de\/w7\/kreisbote-gap\/buergerhaus-in-ohlstadt-waechst-fertigstellung-maerz-2026-geplant-93988227-html-22011\/"},"modified":"2025-10-18T16:00:00","modified_gmt":"2025-10-18T14:00:00","slug":"buergerhaus-in-ohlstadt-waechst-fertigstellung-maerz-2026-geplant-93988227-html","status":"publish","type":"post","link":"http:\/\/cms.mtsomnii.de\/w7\/kreisbote-gap\/buergerhaus-in-ohlstadt-waechst-fertigstellung-maerz-2026-geplant-93988227-html-22011\/","title":{"rendered":"B\u00fcrgerhaus in Ohlstadt w\u00e4chst \u2013 Fertigstellung M\u00e4rz 2026 geplant"},"content":{"rendered":"<div>Es riecht nach frischem Holz und Baustoffen, Sonnenlicht f\u00e4llt durch gro\u00dfe Fensterfronten: Das neue B\u00fcrgerhaus in Ohlstadt nimmt sichtbar Gestalt an. B\u00fcrgermeister Christian Scheuerer steht mit leuchtenden Augen zwischen den noch unfertigen W\u00e4nden. \u201eDas Haus ist f\u00fcr Generationen geplant und gedacht. Als Treffpunkt, Ort des Miteinanders, zum Wohnen und Arbeiten\u201c, sagt er stolz. Der Spatenstich, oder besser gesagt, der \u201eMauer-Abriss\u201c f\u00fcr das Gro\u00dfprojekt fiel im August 2024.<\/div>\n","protected":false},"excerpt":{"rendered":"<p>Es riecht nach frischem Holz und Baustoffen, Sonnenlicht f\u00e4llt durch gro\u00dfe Fensterfronten: Das neue B\u00fcrgerhaus in Ohlstadt nimmt sichtbar Gestalt an. B\u00fcrgermeister Christian Scheuerer steht mit leuchtenden Augen zwischen den noch unfertigen W\u00e4nden. \u201eDas Haus ist f\u00fcr Generationen geplant und gedacht. Als Treffpunkt, Ort des Miteinanders, zum Wohnen und Arbeiten\u201c, sagt er stolz. Der Spatenstich, oder besser gesagt, der \u201eMauer-Abriss\u201c<\/p>\n","protected":false},"author":4,"featured_media":0,"comment_status":"closed","ping_status":"open","sticky":false,"template":"","format":"standard","meta":[],"categories":[2],"tags":[],"_links":{"self":[{"href":"http:\/\/cms.mtsomnii.de\/w7\/wp-json\/wp\/v2\/posts\/22011"}],"collection":[{"href":"http:\/\/cms.mtsomnii.de\/w7\/wp-json\/wp\/v2\/posts"}],"about":[{"href":"http:\/\/cms.mtsomnii.de\/w7\/wp-json\/wp\/v2\/types\/post"}],"author":[{"embeddable":true,"href":"http:\/\/cms.mtsomnii.de\/w7\/wp-json\/wp\/v2\/users\/4"}],"replies":[{"embeddable":true,"href":"http:\/\/cms.mtsomnii.de\/w7\/wp-json\/wp\/v2\/comments?post=22011"}],"version-history":[{"count":0,"href":"http:\/\/cms.mtsomnii.de\/w7\/wp-json\/wp\/v2\/posts\/22011\/revisions"}],"wp:attachment":[{"href":"http:\/\/cms.mtsomnii.de\/w7\/wp-json\/wp\/v2\/media?parent=22011"}],"wp:term":[{"taxonomy":"category","embeddable":true,"href":"http:\/\/cms.mtsomnii.de\/w7\/wp-json\/wp\/v2\/categories?post=22011"},{"taxonomy":"post_tag","embeddable":true,"href":"http:\/\/cms.mtsomnii.de\/w7\/wp-json\/wp\/v2\/tags?post=22011"}],"curies":[{"name":"wp","href":"https:\/\/api.w.org\/{rel}","templated":true}]}}