{"id":22020,"date":"2025-10-18T07:00:00","date_gmt":"2025-10-18T05:00:00","guid":{"rendered":"http:\/\/cms.mtsomnii.de\/w7\/merkur-de-gap\/csu-nominiert-amtsinhaberin-koch-visiert-letzte-amtsperiode-an-93992356-html-2-22020\/"},"modified":"2025-10-18T07:00:00","modified_gmt":"2025-10-18T05:00:00","slug":"csu-nominiert-amtsinhaberin-koch-visiert-letzte-amtsperiode-an-93992356-html-2","status":"publish","type":"post","link":"http:\/\/cms.mtsomnii.de\/w7\/merkur-de-gap\/csu-nominiert-amtsinhaberin-koch-visiert-letzte-amtsperiode-an-93992356-html-2-22020\/","title":{"rendered":"CSU nominiert Amtsinhaberin: Koch visiert letzte Amtsperiode an"},"content":{"rendered":"<div>Sechs Jahre noch \u2013 dann will sie Schluss machen im Rathaus: Die Garmisch-Partenkirchner CSU hat Amtsinhaberin Elisabeth Koch erneut zur B\u00fcrgermeister-Kandidatin nominiert. Die 63-J\u00e4hrige erzielte ein solides Ergebnis. Die Koch-K\u00fcr hatte auch eine kuriose Note.<\/div>\n","protected":false},"excerpt":{"rendered":"<p>Sechs Jahre noch \u2013 dann will sie Schluss machen im Rathaus: Die Garmisch-Partenkirchner CSU hat Amtsinhaberin Elisabeth Koch erneut zur B\u00fcrgermeister-Kandidatin nominiert. Die 63-J\u00e4hrige erzielte ein solides Ergebnis. Die Koch-K\u00fcr hatte auch eine kuriose Note.<\/p>\n","protected":false},"author":5,"featured_media":0,"comment_status":"closed","ping_status":"open","sticky":false,"template":"","format":"standard","meta":[],"categories":[5],"tags":[],"_links":{"self":[{"href":"http:\/\/cms.mtsomnii.de\/w7\/wp-json\/wp\/v2\/posts\/22020"}],"collection":[{"href":"http:\/\/cms.mtsomnii.de\/w7\/wp-json\/wp\/v2\/posts"}],"about":[{"href":"http:\/\/cms.mtsomnii.de\/w7\/wp-json\/wp\/v2\/types\/post"}],"author":[{"embeddable":true,"href":"http:\/\/cms.mtsomnii.de\/w7\/wp-json\/wp\/v2\/users\/5"}],"replies":[{"embeddable":true,"href":"http:\/\/cms.mtsomnii.de\/w7\/wp-json\/wp\/v2\/comments?post=22020"}],"version-history":[{"count":0,"href":"http:\/\/cms.mtsomnii.de\/w7\/wp-json\/wp\/v2\/posts\/22020\/revisions"}],"wp:attachment":[{"href":"http:\/\/cms.mtsomnii.de\/w7\/wp-json\/wp\/v2\/media?parent=22020"}],"wp:term":[{"taxonomy":"category","embeddable":true,"href":"http:\/\/cms.mtsomnii.de\/w7\/wp-json\/wp\/v2\/categories?post=22020"},{"taxonomy":"post_tag","embeddable":true,"href":"http:\/\/cms.mtsomnii.de\/w7\/wp-json\/wp\/v2\/tags?post=22020"}],"curies":[{"name":"wp","href":"https:\/\/api.w.org\/{rel}","templated":true}]}}