{"id":22039,"date":"2025-10-17T18:35:07","date_gmt":"2025-10-17T16:35:07","guid":{"rendered":"http:\/\/cms.mtsomnii.de\/w7\/kreisbote-gap\/drei-naechte-am-kramer-in-garmisch-partenkirchen-dann-die-rettung-93992594-html-3-22039\/"},"modified":"2025-10-17T18:35:07","modified_gmt":"2025-10-17T16:35:07","slug":"drei-naechte-am-kramer-in-garmisch-partenkirchen-dann-die-rettung-93992594-html-3","status":"publish","type":"post","link":"http:\/\/cms.mtsomnii.de\/w7\/kreisbote-gap\/drei-naechte-am-kramer-in-garmisch-partenkirchen-dann-die-rettung-93992594-html-3-22039\/","title":{"rendered":"Drei N\u00e4chte am Kramer in Garmisch-Partenkirchen, dann die Rettung"},"content":{"rendered":"<div>Eine 58-j\u00e4hrige Wanderin aus dem Landkreis Starnberg ist nach drei N\u00e4chten in der K\u00e4lte am Kramer bei Garmisch-Partenkirchen schwer verletzt, aber lebend gefunden worden. Eine gro\u00df angelegte Suchaktion von Polizei und Bergwacht setzte dem Bangen der Angeh\u00f6rigen am Donnerstagnachmittag, 16. Oktober, ein Ende.<\/div>\n","protected":false},"excerpt":{"rendered":"<p>Eine 58-j\u00e4hrige Wanderin aus dem Landkreis Starnberg ist nach drei N\u00e4chten in der K\u00e4lte am Kramer bei Garmisch-Partenkirchen schwer verletzt, aber lebend gefunden worden. Eine gro\u00df angelegte Suchaktion von Polizei und Bergwacht setzte dem Bangen der Angeh\u00f6rigen am Donnerstagnachmittag, 16. Oktober, ein Ende.<\/p>\n","protected":false},"author":4,"featured_media":0,"comment_status":"closed","ping_status":"open","sticky":false,"template":"","format":"standard","meta":[],"categories":[2],"tags":[],"_links":{"self":[{"href":"http:\/\/cms.mtsomnii.de\/w7\/wp-json\/wp\/v2\/posts\/22039"}],"collection":[{"href":"http:\/\/cms.mtsomnii.de\/w7\/wp-json\/wp\/v2\/posts"}],"about":[{"href":"http:\/\/cms.mtsomnii.de\/w7\/wp-json\/wp\/v2\/types\/post"}],"author":[{"embeddable":true,"href":"http:\/\/cms.mtsomnii.de\/w7\/wp-json\/wp\/v2\/users\/4"}],"replies":[{"embeddable":true,"href":"http:\/\/cms.mtsomnii.de\/w7\/wp-json\/wp\/v2\/comments?post=22039"}],"version-history":[{"count":0,"href":"http:\/\/cms.mtsomnii.de\/w7\/wp-json\/wp\/v2\/posts\/22039\/revisions"}],"wp:attachment":[{"href":"http:\/\/cms.mtsomnii.de\/w7\/wp-json\/wp\/v2\/media?parent=22039"}],"wp:term":[{"taxonomy":"category","embeddable":true,"href":"http:\/\/cms.mtsomnii.de\/w7\/wp-json\/wp\/v2\/categories?post=22039"},{"taxonomy":"post_tag","embeddable":true,"href":"http:\/\/cms.mtsomnii.de\/w7\/wp-json\/wp\/v2\/tags?post=22039"}],"curies":[{"name":"wp","href":"https:\/\/api.w.org\/{rel}","templated":true}]}}