{"id":22106,"date":"2025-10-27T21:00:00","date_gmt":"2025-10-27T20:00:00","guid":{"rendered":"http:\/\/cms.mtsomnii.de\/w7\/merkur-de-gap\/tourismus-garmisch-partenkirchen-legt-zu-mehr-urlauber-aus-den-niederlanden-und-arabischen-golfstaaten-94008546-html-2-22106\/"},"modified":"2025-10-27T21:00:00","modified_gmt":"2025-10-27T20:00:00","slug":"tourismus-garmisch-partenkirchen-legt-zu-mehr-urlauber-aus-den-niederlanden-und-arabischen-golfstaaten-94008546-html-2","status":"publish","type":"post","link":"http:\/\/cms.mtsomnii.de\/w7\/merkur-de-gap\/tourismus-garmisch-partenkirchen-legt-zu-mehr-urlauber-aus-den-niederlanden-und-arabischen-golfstaaten-94008546-html-2-22106\/","title":{"rendered":"Tourismus: Garmisch-Partenkirchen legt zu \u2013 Mehr Urlauber aus den Niederlanden und arabischen Golfstaaten"},"content":{"rendered":"<div>Die Tourismusbilanz f\u00fcr Garmisch-Partenkirchen f\u00e4llt erfreulich aus. Daf\u00fcr sind verschiedene Faktoren verantwortlich. Dazu geh\u00f6ren unter anderem Gro\u00dfveranstaltungen wie die BMW-Motorrad-Days oder der Zugspitz Ultra Trail.<\/div>\n","protected":false},"excerpt":{"rendered":"<p>Die Tourismusbilanz f\u00fcr Garmisch-Partenkirchen f\u00e4llt erfreulich aus. Daf\u00fcr sind verschiedene Faktoren verantwortlich. Dazu geh\u00f6ren unter anderem Gro\u00dfveranstaltungen wie die BMW-Motorrad-Days oder der Zugspitz Ultra Trail.<\/p>\n","protected":false},"author":5,"featured_media":0,"comment_status":"closed","ping_status":"open","sticky":false,"template":"","format":"standard","meta":[],"categories":[5],"tags":[],"_links":{"self":[{"href":"http:\/\/cms.mtsomnii.de\/w7\/wp-json\/wp\/v2\/posts\/22106"}],"collection":[{"href":"http:\/\/cms.mtsomnii.de\/w7\/wp-json\/wp\/v2\/posts"}],"about":[{"href":"http:\/\/cms.mtsomnii.de\/w7\/wp-json\/wp\/v2\/types\/post"}],"author":[{"embeddable":true,"href":"http:\/\/cms.mtsomnii.de\/w7\/wp-json\/wp\/v2\/users\/5"}],"replies":[{"embeddable":true,"href":"http:\/\/cms.mtsomnii.de\/w7\/wp-json\/wp\/v2\/comments?post=22106"}],"version-history":[{"count":0,"href":"http:\/\/cms.mtsomnii.de\/w7\/wp-json\/wp\/v2\/posts\/22106\/revisions"}],"wp:attachment":[{"href":"http:\/\/cms.mtsomnii.de\/w7\/wp-json\/wp\/v2\/media?parent=22106"}],"wp:term":[{"taxonomy":"category","embeddable":true,"href":"http:\/\/cms.mtsomnii.de\/w7\/wp-json\/wp\/v2\/categories?post=22106"},{"taxonomy":"post_tag","embeddable":true,"href":"http:\/\/cms.mtsomnii.de\/w7\/wp-json\/wp\/v2\/tags?post=22106"}],"curies":[{"name":"wp","href":"https:\/\/api.w.org\/{rel}","templated":true}]}}