{"id":22110,"date":"2025-10-28T13:47:18","date_gmt":"2025-10-28T12:47:18","guid":{"rendered":"http:\/\/cms.mtsomnii.de\/w7\/merkur-de-gap\/drei-jahre-nach-zugunglueck-in-burgrain-beginnt-der-prozess-94009545-html-3-22110\/"},"modified":"2025-10-28T13:47:18","modified_gmt":"2025-10-28T12:47:18","slug":"drei-jahre-nach-zugunglueck-in-burgrain-beginnt-der-prozess-94009545-html-3","status":"publish","type":"post","link":"http:\/\/cms.mtsomnii.de\/w7\/merkur-de-gap\/drei-jahre-nach-zugunglueck-in-burgrain-beginnt-der-prozess-94009545-html-3-22110\/","title":{"rendered":"Drei Jahre nach Zugungl\u00fcck in Burgrain beginnt der Prozess"},"content":{"rendered":"<div>Drei Jahre ist es her, dass sich das schwere Zugungl\u00fcck von Burgrain ereignete. Jener warme Fr\u00fchsommertag, der sich tief ins Ged\u00e4chtnis des Landkreises Garmisch-Partenkirchen eingebrannt hat.<\/div>\n","protected":false},"excerpt":{"rendered":"<p>Drei Jahre ist es her, dass sich das schwere Zugungl\u00fcck von Burgrain ereignete. Jener warme Fr\u00fchsommertag, der sich tief ins Ged\u00e4chtnis des Landkreises Garmisch-Partenkirchen eingebrannt hat.<\/p>\n","protected":false},"author":5,"featured_media":0,"comment_status":"closed","ping_status":"open","sticky":false,"template":"","format":"standard","meta":[],"categories":[5],"tags":[],"_links":{"self":[{"href":"http:\/\/cms.mtsomnii.de\/w7\/wp-json\/wp\/v2\/posts\/22110"}],"collection":[{"href":"http:\/\/cms.mtsomnii.de\/w7\/wp-json\/wp\/v2\/posts"}],"about":[{"href":"http:\/\/cms.mtsomnii.de\/w7\/wp-json\/wp\/v2\/types\/post"}],"author":[{"embeddable":true,"href":"http:\/\/cms.mtsomnii.de\/w7\/wp-json\/wp\/v2\/users\/5"}],"replies":[{"embeddable":true,"href":"http:\/\/cms.mtsomnii.de\/w7\/wp-json\/wp\/v2\/comments?post=22110"}],"version-history":[{"count":0,"href":"http:\/\/cms.mtsomnii.de\/w7\/wp-json\/wp\/v2\/posts\/22110\/revisions"}],"wp:attachment":[{"href":"http:\/\/cms.mtsomnii.de\/w7\/wp-json\/wp\/v2\/media?parent=22110"}],"wp:term":[{"taxonomy":"category","embeddable":true,"href":"http:\/\/cms.mtsomnii.de\/w7\/wp-json\/wp\/v2\/categories?post=22110"},{"taxonomy":"post_tag","embeddable":true,"href":"http:\/\/cms.mtsomnii.de\/w7\/wp-json\/wp\/v2\/tags?post=22110"}],"curies":[{"name":"wp","href":"https:\/\/api.w.org\/{rel}","templated":true}]}}