{"id":22409,"date":"2025-12-05T14:59:17","date_gmt":"2025-12-05T13:59:17","guid":{"rendered":"http:\/\/cms.mtsomnii.de\/w7\/merkur-de-gap\/trotz-fehlendem-staatsabkommen-bergwacht-rettet-unbuerokratisch-mit-tirol-94070790-html-22409\/"},"modified":"2025-12-05T14:59:17","modified_gmt":"2025-12-05T13:59:17","slug":"trotz-fehlendem-staatsabkommen-bergwacht-rettet-unbuerokratisch-mit-tirol-94070790-html","status":"publish","type":"post","link":"http:\/\/cms.mtsomnii.de\/w7\/merkur-de-gap\/trotz-fehlendem-staatsabkommen-bergwacht-rettet-unbuerokratisch-mit-tirol-94070790-html-22409\/","title":{"rendered":"Grenz\u00fcberschreitende Rettung: Bergretter im Dauereinsatz"},"content":{"rendered":"<div>Im Karwendel und Wettersteingebirge z\u00e4hlt jede Minute. Ehrenamtliche Retter arbeiten in Bayern und Tirol l\u00e4nder\u00fcbergreifend zusammen. Ein Staatsabkommen fehlt jedoch.<\/div>\n","protected":false},"excerpt":{"rendered":"<p>Im Karwendel und Wettersteingebirge z\u00e4hlt jede Minute. Ehrenamtliche Retter arbeiten in Bayern und Tirol l\u00e4nder\u00fcbergreifend zusammen. Ein Staatsabkommen fehlt jedoch.<\/p>\n","protected":false},"author":5,"featured_media":0,"comment_status":"closed","ping_status":"open","sticky":false,"template":"","format":"standard","meta":[],"categories":[5],"tags":[],"_links":{"self":[{"href":"http:\/\/cms.mtsomnii.de\/w7\/wp-json\/wp\/v2\/posts\/22409"}],"collection":[{"href":"http:\/\/cms.mtsomnii.de\/w7\/wp-json\/wp\/v2\/posts"}],"about":[{"href":"http:\/\/cms.mtsomnii.de\/w7\/wp-json\/wp\/v2\/types\/post"}],"author":[{"embeddable":true,"href":"http:\/\/cms.mtsomnii.de\/w7\/wp-json\/wp\/v2\/users\/5"}],"replies":[{"embeddable":true,"href":"http:\/\/cms.mtsomnii.de\/w7\/wp-json\/wp\/v2\/comments?post=22409"}],"version-history":[{"count":0,"href":"http:\/\/cms.mtsomnii.de\/w7\/wp-json\/wp\/v2\/posts\/22409\/revisions"}],"wp:attachment":[{"href":"http:\/\/cms.mtsomnii.de\/w7\/wp-json\/wp\/v2\/media?parent=22409"}],"wp:term":[{"taxonomy":"category","embeddable":true,"href":"http:\/\/cms.mtsomnii.de\/w7\/wp-json\/wp\/v2\/categories?post=22409"},{"taxonomy":"post_tag","embeddable":true,"href":"http:\/\/cms.mtsomnii.de\/w7\/wp-json\/wp\/v2\/tags?post=22409"}],"curies":[{"name":"wp","href":"https:\/\/api.w.org\/{rel}","templated":true}]}}