{"id":22418,"date":"2025-12-06T16:00:00","date_gmt":"2025-12-06T15:00:00","guid":{"rendered":"http:\/\/cms.mtsomnii.de\/w7\/kreisbote-gap\/alpenhof-murnau-verkuendet-eigentuemerwechsel-94068017-html-22418\/"},"modified":"2025-12-06T16:00:00","modified_gmt":"2025-12-06T15:00:00","slug":"alpenhof-murnau-verkuendet-eigentuemerwechsel-94068017-html","status":"publish","type":"post","link":"http:\/\/cms.mtsomnii.de\/w7\/kreisbote-gap\/alpenhof-murnau-verkuendet-eigentuemerwechsel-94068017-html-22418\/","title":{"rendered":"Alpenhof Murnau verk\u00fcndet Eigent\u00fcmerwechsel"},"content":{"rendered":"<div>Der renommierte Alpenhof Murnau am Staffelsee steht vor einem Eigent\u00fcmerwechsel. Im neuen Jahr \u00fcbernimmt Peter Inselkammer, M\u00fcnchner Hotelier und Unternehmer, die Immobilie des traditionsreichen F\u00fcnf-Sterne-Resorts im Blauen Land.<\/div>\n","protected":false},"excerpt":{"rendered":"<p>Der renommierte Alpenhof Murnau am Staffelsee steht vor einem Eigent\u00fcmerwechsel. Im neuen Jahr \u00fcbernimmt Peter Inselkammer, M\u00fcnchner Hotelier und Unternehmer, die Immobilie des traditionsreichen F\u00fcnf-Sterne-Resorts im Blauen Land.<\/p>\n","protected":false},"author":4,"featured_media":0,"comment_status":"closed","ping_status":"open","sticky":false,"template":"","format":"standard","meta":[],"categories":[2],"tags":[],"_links":{"self":[{"href":"http:\/\/cms.mtsomnii.de\/w7\/wp-json\/wp\/v2\/posts\/22418"}],"collection":[{"href":"http:\/\/cms.mtsomnii.de\/w7\/wp-json\/wp\/v2\/posts"}],"about":[{"href":"http:\/\/cms.mtsomnii.de\/w7\/wp-json\/wp\/v2\/types\/post"}],"author":[{"embeddable":true,"href":"http:\/\/cms.mtsomnii.de\/w7\/wp-json\/wp\/v2\/users\/4"}],"replies":[{"embeddable":true,"href":"http:\/\/cms.mtsomnii.de\/w7\/wp-json\/wp\/v2\/comments?post=22418"}],"version-history":[{"count":0,"href":"http:\/\/cms.mtsomnii.de\/w7\/wp-json\/wp\/v2\/posts\/22418\/revisions"}],"wp:attachment":[{"href":"http:\/\/cms.mtsomnii.de\/w7\/wp-json\/wp\/v2\/media?parent=22418"}],"wp:term":[{"taxonomy":"category","embeddable":true,"href":"http:\/\/cms.mtsomnii.de\/w7\/wp-json\/wp\/v2\/categories?post=22418"},{"taxonomy":"post_tag","embeddable":true,"href":"http:\/\/cms.mtsomnii.de\/w7\/wp-json\/wp\/v2\/tags?post=22418"}],"curies":[{"name":"wp","href":"https:\/\/api.w.org\/{rel}","templated":true}]}}