{"id":22449,"date":"2025-12-09T10:00:00","date_gmt":"2025-12-09T09:00:00","guid":{"rendered":"http:\/\/cms.mtsomnii.de\/w7\/merkur-de-gap\/wegen-personalmangel-die-frischetheke-im-edeka-bleibt-geschlossen-94074413-html-22449\/"},"modified":"2025-12-09T10:00:00","modified_gmt":"2025-12-09T09:00:00","slug":"wegen-personalmangel-die-frischetheke-im-edeka-bleibt-geschlossen-94074413-html","status":"publish","type":"post","link":"http:\/\/cms.mtsomnii.de\/w7\/merkur-de-gap\/wegen-personalmangel-die-frischetheke-im-edeka-bleibt-geschlossen-94074413-html-22449\/","title":{"rendered":"Wegen Personalmangel: Die Frischetheke im Edeka bleibt geschlossen"},"content":{"rendered":"<div>Supermarkt-Inhaber Bashkim Gashi wollte die Wurst- und K\u00e4setheke in der neuen Filiale in Germering weiterf\u00fchren. Doch kurz vor der \u00dcbernahme sprangen mehrere Mitarbeiter ab.<\/div>\n","protected":false},"excerpt":{"rendered":"<p>Supermarkt-Inhaber Bashkim Gashi wollte die Wurst- und K\u00e4setheke in der neuen Filiale in Germering weiterf\u00fchren. Doch kurz vor der \u00dcbernahme sprangen mehrere Mitarbeiter ab.<\/p>\n","protected":false},"author":5,"featured_media":0,"comment_status":"closed","ping_status":"open","sticky":false,"template":"","format":"standard","meta":[],"categories":[5],"tags":[],"_links":{"self":[{"href":"http:\/\/cms.mtsomnii.de\/w7\/wp-json\/wp\/v2\/posts\/22449"}],"collection":[{"href":"http:\/\/cms.mtsomnii.de\/w7\/wp-json\/wp\/v2\/posts"}],"about":[{"href":"http:\/\/cms.mtsomnii.de\/w7\/wp-json\/wp\/v2\/types\/post"}],"author":[{"embeddable":true,"href":"http:\/\/cms.mtsomnii.de\/w7\/wp-json\/wp\/v2\/users\/5"}],"replies":[{"embeddable":true,"href":"http:\/\/cms.mtsomnii.de\/w7\/wp-json\/wp\/v2\/comments?post=22449"}],"version-history":[{"count":0,"href":"http:\/\/cms.mtsomnii.de\/w7\/wp-json\/wp\/v2\/posts\/22449\/revisions"}],"wp:attachment":[{"href":"http:\/\/cms.mtsomnii.de\/w7\/wp-json\/wp\/v2\/media?parent=22449"}],"wp:term":[{"taxonomy":"category","embeddable":true,"href":"http:\/\/cms.mtsomnii.de\/w7\/wp-json\/wp\/v2\/categories?post=22449"},{"taxonomy":"post_tag","embeddable":true,"href":"http:\/\/cms.mtsomnii.de\/w7\/wp-json\/wp\/v2\/tags?post=22449"}],"curies":[{"name":"wp","href":"https:\/\/api.w.org\/{rel}","templated":true}]}}