{"id":22533,"date":"2025-12-18T07:02:00","date_gmt":"2025-12-18T06:02:00","guid":{"rendered":"http:\/\/cms.mtsomnii.de\/w7\/merkur-de-gap\/fabian-gratz-hat-olympia-ticket-schon-in-der-tasche-ski-hoffnung-weltcup-olympia-ass-dsv-hoffnung-94088626-html-2-22533\/"},"modified":"2025-12-18T07:02:00","modified_gmt":"2025-12-18T06:02:00","slug":"fabian-gratz-hat-olympia-ticket-schon-in-der-tasche-ski-hoffnung-weltcup-olympia-ass-dsv-hoffnung-94088626-html-2","status":"publish","type":"post","link":"http:\/\/cms.mtsomnii.de\/w7\/merkur-de-gap\/fabian-gratz-hat-olympia-ticket-schon-in-der-tasche-ski-hoffnung-weltcup-olympia-ass-dsv-hoffnung-94088626-html-2-22533\/","title":{"rendered":"So konstant wie nie: Deutsche Ski-Hoffnung gl\u00e4nzt beim Weltcup"},"content":{"rendered":"<div>Eine deutsche Ski-Hoffnung f\u00e4hrt in dieser Weltcup-Saison so konstant wie nie zuvor. Bereits jetzt hat sich das DSV-Ass schon sein Ticket f\u00fcr die olympischen Winterspiele gesichert.<\/div>\n","protected":false},"excerpt":{"rendered":"<p>Eine deutsche Ski-Hoffnung f\u00e4hrt in dieser Weltcup-Saison so konstant wie nie zuvor. Bereits jetzt hat sich das DSV-Ass schon sein Ticket f\u00fcr die olympischen Winterspiele gesichert.<\/p>\n","protected":false},"author":5,"featured_media":0,"comment_status":"closed","ping_status":"open","sticky":false,"template":"","format":"standard","meta":[],"categories":[5],"tags":[],"_links":{"self":[{"href":"http:\/\/cms.mtsomnii.de\/w7\/wp-json\/wp\/v2\/posts\/22533"}],"collection":[{"href":"http:\/\/cms.mtsomnii.de\/w7\/wp-json\/wp\/v2\/posts"}],"about":[{"href":"http:\/\/cms.mtsomnii.de\/w7\/wp-json\/wp\/v2\/types\/post"}],"author":[{"embeddable":true,"href":"http:\/\/cms.mtsomnii.de\/w7\/wp-json\/wp\/v2\/users\/5"}],"replies":[{"embeddable":true,"href":"http:\/\/cms.mtsomnii.de\/w7\/wp-json\/wp\/v2\/comments?post=22533"}],"version-history":[{"count":0,"href":"http:\/\/cms.mtsomnii.de\/w7\/wp-json\/wp\/v2\/posts\/22533\/revisions"}],"wp:attachment":[{"href":"http:\/\/cms.mtsomnii.de\/w7\/wp-json\/wp\/v2\/media?parent=22533"}],"wp:term":[{"taxonomy":"category","embeddable":true,"href":"http:\/\/cms.mtsomnii.de\/w7\/wp-json\/wp\/v2\/categories?post=22533"},{"taxonomy":"post_tag","embeddable":true,"href":"http:\/\/cms.mtsomnii.de\/w7\/wp-json\/wp\/v2\/tags?post=22533"}],"curies":[{"name":"wp","href":"https:\/\/api.w.org\/{rel}","templated":true}]}}