{"id":22580,"date":"2025-12-22T19:30:00","date_gmt":"2025-12-22T18:30:00","guid":{"rendered":"http:\/\/cms.mtsomnii.de\/w7\/merkur-de-gap\/michael-kreitl-wird-hauptamtlicher-geschaeftsfuehrer-beim-sc-riessersee-94095950-html-3-22580\/"},"modified":"2025-12-22T19:30:00","modified_gmt":"2025-12-22T18:30:00","slug":"michael-kreitl-wird-hauptamtlicher-geschaeftsfuehrer-beim-sc-riessersee-94095950-html-3","status":"publish","type":"post","link":"http:\/\/cms.mtsomnii.de\/w7\/merkur-de-gap\/michael-kreitl-wird-hauptamtlicher-geschaeftsfuehrer-beim-sc-riessersee-94095950-html-3-22580\/","title":{"rendered":"Ab 1. Januar: Michael Kreitl wird hauptamtlicher Gesch\u00e4ftsf\u00fchrer beim SC Riessersee"},"content":{"rendered":"<div>Der Ex-Profi \u00fcbernimmt ab Januar die Geschicke des Oberligisten aus Garmisch-Partenkirchen. Seine Erfahrung aus Kaufbeuren soll dem Club neue Strukturen bringen.<\/div>\n","protected":false},"excerpt":{"rendered":"<p>Der Ex-Profi \u00fcbernimmt ab Januar die Geschicke des Oberligisten aus Garmisch-Partenkirchen. Seine Erfahrung aus Kaufbeuren soll dem Club neue Strukturen bringen.<\/p>\n","protected":false},"author":5,"featured_media":0,"comment_status":"closed","ping_status":"open","sticky":false,"template":"","format":"standard","meta":[],"categories":[5],"tags":[],"_links":{"self":[{"href":"http:\/\/cms.mtsomnii.de\/w7\/wp-json\/wp\/v2\/posts\/22580"}],"collection":[{"href":"http:\/\/cms.mtsomnii.de\/w7\/wp-json\/wp\/v2\/posts"}],"about":[{"href":"http:\/\/cms.mtsomnii.de\/w7\/wp-json\/wp\/v2\/types\/post"}],"author":[{"embeddable":true,"href":"http:\/\/cms.mtsomnii.de\/w7\/wp-json\/wp\/v2\/users\/5"}],"replies":[{"embeddable":true,"href":"http:\/\/cms.mtsomnii.de\/w7\/wp-json\/wp\/v2\/comments?post=22580"}],"version-history":[{"count":0,"href":"http:\/\/cms.mtsomnii.de\/w7\/wp-json\/wp\/v2\/posts\/22580\/revisions"}],"wp:attachment":[{"href":"http:\/\/cms.mtsomnii.de\/w7\/wp-json\/wp\/v2\/media?parent=22580"}],"wp:term":[{"taxonomy":"category","embeddable":true,"href":"http:\/\/cms.mtsomnii.de\/w7\/wp-json\/wp\/v2\/categories?post=22580"},{"taxonomy":"post_tag","embeddable":true,"href":"http:\/\/cms.mtsomnii.de\/w7\/wp-json\/wp\/v2\/tags?post=22580"}],"curies":[{"name":"wp","href":"https:\/\/api.w.org\/{rel}","templated":true}]}}