{"id":22851,"date":"2026-02-06T10:01:02","date_gmt":"2026-02-06T09:01:02","guid":{"rendered":"http:\/\/cms.mtsomnii.de\/w7\/merkur-de-gap\/pater-maurus-krass-kehrt-nach-zwoelf-jahren-ins-kloster-ettal-zurueck-94157468-html-22851\/"},"modified":"2026-02-06T10:01:02","modified_gmt":"2026-02-06T09:01:02","slug":"pater-maurus-krass-kehrt-nach-zwoelf-jahren-ins-kloster-ettal-zurueck-94157468-html","status":"publish","type":"post","link":"http:\/\/cms.mtsomnii.de\/w7\/merkur-de-gap\/pater-maurus-krass-kehrt-nach-zwoelf-jahren-ins-kloster-ettal-zurueck-94157468-html-22851\/","title":{"rendered":"Nach \u00fcber zw\u00f6lf Jahren: Ehemaliger Prior zur\u00fcck im Kloster Ettal"},"content":{"rendered":"<div>\u00dcber drei Jahrzehnte hat Pater Maurus Kra\u00df Ettal gepr\u00e4gt \u2013 als Schulleiter, Prior und Mensch. 2012 ging er nach Wechselburg. Nun ist der 66-J\u00e4hrige zur\u00fcck.<\/div>\n","protected":false},"excerpt":{"rendered":"<p>\u00dcber drei Jahrzehnte hat Pater Maurus Kra\u00df Ettal gepr\u00e4gt \u2013 als Schulleiter, Prior und Mensch. 2012 ging er nach Wechselburg. Nun ist der 66-J\u00e4hrige zur\u00fcck.<\/p>\n","protected":false},"author":5,"featured_media":0,"comment_status":"closed","ping_status":"open","sticky":false,"template":"","format":"standard","meta":[],"categories":[5],"tags":[],"_links":{"self":[{"href":"http:\/\/cms.mtsomnii.de\/w7\/wp-json\/wp\/v2\/posts\/22851"}],"collection":[{"href":"http:\/\/cms.mtsomnii.de\/w7\/wp-json\/wp\/v2\/posts"}],"about":[{"href":"http:\/\/cms.mtsomnii.de\/w7\/wp-json\/wp\/v2\/types\/post"}],"author":[{"embeddable":true,"href":"http:\/\/cms.mtsomnii.de\/w7\/wp-json\/wp\/v2\/users\/5"}],"replies":[{"embeddable":true,"href":"http:\/\/cms.mtsomnii.de\/w7\/wp-json\/wp\/v2\/comments?post=22851"}],"version-history":[{"count":0,"href":"http:\/\/cms.mtsomnii.de\/w7\/wp-json\/wp\/v2\/posts\/22851\/revisions"}],"wp:attachment":[{"href":"http:\/\/cms.mtsomnii.de\/w7\/wp-json\/wp\/v2\/media?parent=22851"}],"wp:term":[{"taxonomy":"category","embeddable":true,"href":"http:\/\/cms.mtsomnii.de\/w7\/wp-json\/wp\/v2\/categories?post=22851"},{"taxonomy":"post_tag","embeddable":true,"href":"http:\/\/cms.mtsomnii.de\/w7\/wp-json\/wp\/v2\/tags?post=22851"}],"curies":[{"name":"wp","href":"https:\/\/api.w.org\/{rel}","templated":true}]}}