{"id":22979,"date":"2026-03-01T16:49:43","date_gmt":"2026-03-01T15:49:43","guid":{"rendered":"http:\/\/cms.mtsomnii.de\/w7\/merkur-de-gap\/zwei-maenner-loesen-rettungsaktion-aus-weil-sie-trotz-tauwetter-auf-eis-gehen-94192515-html-22979\/"},"modified":"2026-03-01T16:49:43","modified_gmt":"2026-03-01T15:49:43","slug":"zwei-maenner-loesen-rettungsaktion-aus-weil-sie-trotz-tauwetter-auf-eis-gehen-94192515-html","status":"publish","type":"post","link":"http:\/\/cms.mtsomnii.de\/w7\/merkur-de-gap\/zwei-maenner-loesen-rettungsaktion-aus-weil-sie-trotz-tauwetter-auf-eis-gehen-94192515-html-22979\/","title":{"rendered":"Trotz Tauwetter auf dem Eis: \u201eSchlau ist das nicht\u201c \u2013 Gro\u00dfeinsatz am Eibsee"},"content":{"rendered":"<div>Bei fr\u00fchlingshaften Temperaturen marschierten zwei junge W\u00fcrzburger \u00fcber den Eibsee \u2013 obwohl er an manchen Stellen gar nicht mehr zugefroren ist. Die Wasserwacht holte sie mit einem Airboat von der Insel.<\/div>\n","protected":false},"excerpt":{"rendered":"<p>Bei fr\u00fchlingshaften Temperaturen marschierten zwei junge W\u00fcrzburger \u00fcber den Eibsee \u2013 obwohl er an manchen Stellen gar nicht mehr zugefroren ist. Die Wasserwacht holte sie mit einem Airboat von der Insel.<\/p>\n","protected":false},"author":5,"featured_media":0,"comment_status":"closed","ping_status":"open","sticky":false,"template":"","format":"standard","meta":[],"categories":[5],"tags":[],"_links":{"self":[{"href":"http:\/\/cms.mtsomnii.de\/w7\/wp-json\/wp\/v2\/posts\/22979"}],"collection":[{"href":"http:\/\/cms.mtsomnii.de\/w7\/wp-json\/wp\/v2\/posts"}],"about":[{"href":"http:\/\/cms.mtsomnii.de\/w7\/wp-json\/wp\/v2\/types\/post"}],"author":[{"embeddable":true,"href":"http:\/\/cms.mtsomnii.de\/w7\/wp-json\/wp\/v2\/users\/5"}],"replies":[{"embeddable":true,"href":"http:\/\/cms.mtsomnii.de\/w7\/wp-json\/wp\/v2\/comments?post=22979"}],"version-history":[{"count":0,"href":"http:\/\/cms.mtsomnii.de\/w7\/wp-json\/wp\/v2\/posts\/22979\/revisions"}],"wp:attachment":[{"href":"http:\/\/cms.mtsomnii.de\/w7\/wp-json\/wp\/v2\/media?parent=22979"}],"wp:term":[{"taxonomy":"category","embeddable":true,"href":"http:\/\/cms.mtsomnii.de\/w7\/wp-json\/wp\/v2\/categories?post=22979"},{"taxonomy":"post_tag","embeddable":true,"href":"http:\/\/cms.mtsomnii.de\/w7\/wp-json\/wp\/v2\/tags?post=22979"}],"curies":[{"name":"wp","href":"https:\/\/api.w.org\/{rel}","templated":true}]}}