{"id":22980,"date":"2026-03-01T16:55:00","date_gmt":"2026-03-01T15:55:00","guid":{"rendered":"http:\/\/cms.mtsomnii.de\/w7\/merkur-de-gap\/die-murnauer-derblecker-nehmen-lokalpolitiker-wieder-aufs-korn-94192510-html-22980\/"},"modified":"2026-03-01T16:55:00","modified_gmt":"2026-03-01T15:55:00","slug":"die-murnauer-derblecker-nehmen-lokalpolitiker-wieder-aufs-korn-94192510-html","status":"publish","type":"post","link":"http:\/\/cms.mtsomnii.de\/w7\/merkur-de-gap\/die-murnauer-derblecker-nehmen-lokalpolitiker-wieder-aufs-korn-94192510-html-22980\/","title":{"rendered":"Murnauer Derblecker nehmen Lokalpolitiker wieder aufs Korn \u2013  \u201eWidmann, lass das Bremsen\u201c"},"content":{"rendered":"<div>Nach sechs Jahren Pause sind die Murnauer Derblecker zur\u00fcck. Vor ausverkauftem Haus bekamen B\u00fcrgermeister und Gemeinder\u00e4te ihr Fett weg.<\/div>\n","protected":false},"excerpt":{"rendered":"<p>Nach sechs Jahren Pause sind die Murnauer Derblecker zur\u00fcck. Vor ausverkauftem Haus bekamen B\u00fcrgermeister und Gemeinder\u00e4te ihr Fett weg.<\/p>\n","protected":false},"author":5,"featured_media":0,"comment_status":"closed","ping_status":"open","sticky":false,"template":"","format":"standard","meta":[],"categories":[5],"tags":[],"_links":{"self":[{"href":"http:\/\/cms.mtsomnii.de\/w7\/wp-json\/wp\/v2\/posts\/22980"}],"collection":[{"href":"http:\/\/cms.mtsomnii.de\/w7\/wp-json\/wp\/v2\/posts"}],"about":[{"href":"http:\/\/cms.mtsomnii.de\/w7\/wp-json\/wp\/v2\/types\/post"}],"author":[{"embeddable":true,"href":"http:\/\/cms.mtsomnii.de\/w7\/wp-json\/wp\/v2\/users\/5"}],"replies":[{"embeddable":true,"href":"http:\/\/cms.mtsomnii.de\/w7\/wp-json\/wp\/v2\/comments?post=22980"}],"version-history":[{"count":0,"href":"http:\/\/cms.mtsomnii.de\/w7\/wp-json\/wp\/v2\/posts\/22980\/revisions"}],"wp:attachment":[{"href":"http:\/\/cms.mtsomnii.de\/w7\/wp-json\/wp\/v2\/media?parent=22980"}],"wp:term":[{"taxonomy":"category","embeddable":true,"href":"http:\/\/cms.mtsomnii.de\/w7\/wp-json\/wp\/v2\/categories?post=22980"},{"taxonomy":"post_tag","embeddable":true,"href":"http:\/\/cms.mtsomnii.de\/w7\/wp-json\/wp\/v2\/tags?post=22980"}],"curies":[{"name":"wp","href":"https:\/\/api.w.org\/{rel}","templated":true}]}}