{"id":22984,"date":"2026-03-03T07:00:00","date_gmt":"2026-03-03T06:00:00","guid":{"rendered":"http:\/\/cms.mtsomnii.de\/w7\/merkur-de-gap\/kluft-bei-hauptaktionaeren-immer-groesser-weiter-zuendstoff-bei-karwendelbahn-jetzt-wittert-der-vorstand-vetternwirtschaft-94194480-html-22984\/"},"modified":"2026-03-03T07:00:00","modified_gmt":"2026-03-03T06:00:00","slug":"kluft-bei-hauptaktionaeren-immer-groesser-weiter-zuendstoff-bei-karwendelbahn-jetzt-wittert-der-vorstand-vetternwirtschaft-94194480-html","status":"publish","type":"post","link":"http:\/\/cms.mtsomnii.de\/w7\/merkur-de-gap\/kluft-bei-hauptaktionaeren-immer-groesser-weiter-zuendstoff-bei-karwendelbahn-jetzt-wittert-der-vorstand-vetternwirtschaft-94194480-html-22984\/","title":{"rendered":"Weiter Z\u00fcndstoff bei Karwendelbahn: Jetzt wittert der Vorstand Vetternwirtschaft"},"content":{"rendered":"<div>Die Kluft zwischen Hauptaktion\u00e4ren und Marktgemeinde k\u00f6nnte gr\u00f6\u00dfer nicht sein. Wenige Tage vor der n\u00e4chsten Hauptversammlung der Karwendelbahn AG in Berlin kracht\u2018s ordentlich im Geb\u00e4lk. Der umstrittene Vorstand nimmt dieses Mal nicht nur den B\u00fcrgermeister aufs Korn, sondern auch einen Mann aus Bad Kohlgrub.<\/div>\n","protected":false},"excerpt":{"rendered":"<p>Die Kluft zwischen Hauptaktion\u00e4ren und Marktgemeinde k\u00f6nnte gr\u00f6\u00dfer nicht sein. Wenige Tage vor der n\u00e4chsten Hauptversammlung der Karwendelbahn AG in Berlin kracht\u2018s ordentlich im Geb\u00e4lk. Der umstrittene Vorstand nimmt dieses Mal nicht nur den B\u00fcrgermeister aufs Korn, sondern auch einen Mann aus Bad Kohlgrub.<\/p>\n","protected":false},"author":5,"featured_media":0,"comment_status":"closed","ping_status":"open","sticky":false,"template":"","format":"standard","meta":[],"categories":[5],"tags":[],"_links":{"self":[{"href":"http:\/\/cms.mtsomnii.de\/w7\/wp-json\/wp\/v2\/posts\/22984"}],"collection":[{"href":"http:\/\/cms.mtsomnii.de\/w7\/wp-json\/wp\/v2\/posts"}],"about":[{"href":"http:\/\/cms.mtsomnii.de\/w7\/wp-json\/wp\/v2\/types\/post"}],"author":[{"embeddable":true,"href":"http:\/\/cms.mtsomnii.de\/w7\/wp-json\/wp\/v2\/users\/5"}],"replies":[{"embeddable":true,"href":"http:\/\/cms.mtsomnii.de\/w7\/wp-json\/wp\/v2\/comments?post=22984"}],"version-history":[{"count":0,"href":"http:\/\/cms.mtsomnii.de\/w7\/wp-json\/wp\/v2\/posts\/22984\/revisions"}],"wp:attachment":[{"href":"http:\/\/cms.mtsomnii.de\/w7\/wp-json\/wp\/v2\/media?parent=22984"}],"wp:term":[{"taxonomy":"category","embeddable":true,"href":"http:\/\/cms.mtsomnii.de\/w7\/wp-json\/wp\/v2\/categories?post=22984"},{"taxonomy":"post_tag","embeddable":true,"href":"http:\/\/cms.mtsomnii.de\/w7\/wp-json\/wp\/v2\/tags?post=22984"}],"curies":[{"name":"wp","href":"https:\/\/api.w.org\/{rel}","templated":true}]}}