{"id":22986,"date":"2026-03-03T10:03:02","date_gmt":"2026-03-03T09:03:02","guid":{"rendered":"http:\/\/cms.mtsomnii.de\/w7\/merkur-de-gap\/das-sturzflutenkonzept-fuer-bad-bayersoien-zeigt-gefaehrdete-bereiche-auf-94195005-html-22986\/"},"modified":"2026-03-03T10:03:02","modified_gmt":"2026-03-03T09:03:02","slug":"das-sturzflutenkonzept-fuer-bad-bayersoien-zeigt-gefaehrdete-bereiche-auf-94195005-html","status":"publish","type":"post","link":"http:\/\/cms.mtsomnii.de\/w7\/merkur-de-gap\/das-sturzflutenkonzept-fuer-bad-bayersoien-zeigt-gefaehrdete-bereiche-auf-94195005-html-22986\/","title":{"rendered":"Sturzflutenkonzept zeigt nun gef\u00e4hrdete Bereiche auf: Das m\u00fcssen Hausbesitzer wissen"},"content":{"rendered":"<div>Die Gemeinde Bad Bayersoien hat nun 25 Ma\u00dfnahmen gegen \u00dcberflutungen erarbeitet. Doch Eigenvorsorge bleibt f\u00fcr Hauseigent\u00fcmer unverzichtbar und verpflichtend.<\/div>\n","protected":false},"excerpt":{"rendered":"<p>Die Gemeinde Bad Bayersoien hat nun 25 Ma\u00dfnahmen gegen \u00dcberflutungen erarbeitet. Doch Eigenvorsorge bleibt f\u00fcr Hauseigent\u00fcmer unverzichtbar und verpflichtend.<\/p>\n","protected":false},"author":5,"featured_media":0,"comment_status":"closed","ping_status":"open","sticky":false,"template":"","format":"standard","meta":[],"categories":[5],"tags":[],"_links":{"self":[{"href":"http:\/\/cms.mtsomnii.de\/w7\/wp-json\/wp\/v2\/posts\/22986"}],"collection":[{"href":"http:\/\/cms.mtsomnii.de\/w7\/wp-json\/wp\/v2\/posts"}],"about":[{"href":"http:\/\/cms.mtsomnii.de\/w7\/wp-json\/wp\/v2\/types\/post"}],"author":[{"embeddable":true,"href":"http:\/\/cms.mtsomnii.de\/w7\/wp-json\/wp\/v2\/users\/5"}],"replies":[{"embeddable":true,"href":"http:\/\/cms.mtsomnii.de\/w7\/wp-json\/wp\/v2\/comments?post=22986"}],"version-history":[{"count":0,"href":"http:\/\/cms.mtsomnii.de\/w7\/wp-json\/wp\/v2\/posts\/22986\/revisions"}],"wp:attachment":[{"href":"http:\/\/cms.mtsomnii.de\/w7\/wp-json\/wp\/v2\/media?parent=22986"}],"wp:term":[{"taxonomy":"category","embeddable":true,"href":"http:\/\/cms.mtsomnii.de\/w7\/wp-json\/wp\/v2\/categories?post=22986"},{"taxonomy":"post_tag","embeddable":true,"href":"http:\/\/cms.mtsomnii.de\/w7\/wp-json\/wp\/v2\/tags?post=22986"}],"curies":[{"name":"wp","href":"https:\/\/api.w.org\/{rel}","templated":true}]}}