{"id":22998,"date":"2026-03-05T07:47:56","date_gmt":"2026-03-05T06:47:56","guid":{"rendered":"http:\/\/cms.mtsomnii.de\/w7\/kreisbote-gap\/jubilaeum-10-jahre-ausbildungskompass-im-landkreis-garmisch-partenkirchen-94196674-html-22998\/"},"modified":"2026-03-05T07:47:56","modified_gmt":"2026-03-05T06:47:56","slug":"jubilaeum-10-jahre-ausbildungskompass-im-landkreis-garmisch-partenkirchen-94196674-html","status":"publish","type":"post","link":"http:\/\/cms.mtsomnii.de\/w7\/kreisbote-gap\/jubilaeum-10-jahre-ausbildungskompass-im-landkreis-garmisch-partenkirchen-94196674-html-22998\/","title":{"rendered":"Jubil\u00e4um: 10 Jahre Ausbildungskompass im Landkreis Garmisch-Partenkirchen"},"content":{"rendered":"<div>Der Ausbildungskompass feiert zehnj\u00e4hriges Bestehen! Als Journal aufgelegt, online unter www.ausbildungskompass.de zu finden, wurde er st\u00e4ndig weiterentwickelt und ist eine Erfolgsgeschichte. Zusammen mit den Jobfahrten und der Zukunftsmesse steht er f\u00fcr das Konzept von Landkreis und Zugspitz Region GmbH, unterst\u00fctzt von Industrie und Handelskammer (IHK), Handwerkskammer (HWK), Kreishandwerkerschaft und Agentur f\u00fcr Arbeit. Gemeinsames Ziel ist es, dem Fachkr\u00e4ftemangel entgegenzuwirken, junge Leute in der Region auszubilden, sie hier zu halten.<\/div>\n","protected":false},"excerpt":{"rendered":"<p>Der Ausbildungskompass feiert zehnj\u00e4hriges Bestehen! Als Journal aufgelegt, online unter www.ausbildungskompass.de zu finden, wurde er st\u00e4ndig weiterentwickelt und ist eine Erfolgsgeschichte. Zusammen mit den Jobfahrten und der Zukunftsmesse steht er f\u00fcr das Konzept von Landkreis und Zugspitz Region GmbH, unterst\u00fctzt von Industrie und Handelskammer (IHK), Handwerkskammer (HWK), Kreishandwerkerschaft und Agentur f\u00fcr Arbeit. Gemeinsames Ziel ist es, dem Fachkr\u00e4ftemangel entgegenzuwirken, junge<\/p>\n","protected":false},"author":4,"featured_media":0,"comment_status":"closed","ping_status":"open","sticky":false,"template":"","format":"standard","meta":[],"categories":[2],"tags":[],"_links":{"self":[{"href":"http:\/\/cms.mtsomnii.de\/w7\/wp-json\/wp\/v2\/posts\/22998"}],"collection":[{"href":"http:\/\/cms.mtsomnii.de\/w7\/wp-json\/wp\/v2\/posts"}],"about":[{"href":"http:\/\/cms.mtsomnii.de\/w7\/wp-json\/wp\/v2\/types\/post"}],"author":[{"embeddable":true,"href":"http:\/\/cms.mtsomnii.de\/w7\/wp-json\/wp\/v2\/users\/4"}],"replies":[{"embeddable":true,"href":"http:\/\/cms.mtsomnii.de\/w7\/wp-json\/wp\/v2\/comments?post=22998"}],"version-history":[{"count":0,"href":"http:\/\/cms.mtsomnii.de\/w7\/wp-json\/wp\/v2\/posts\/22998\/revisions"}],"wp:attachment":[{"href":"http:\/\/cms.mtsomnii.de\/w7\/wp-json\/wp\/v2\/media?parent=22998"}],"wp:term":[{"taxonomy":"category","embeddable":true,"href":"http:\/\/cms.mtsomnii.de\/w7\/wp-json\/wp\/v2\/categories?post=22998"},{"taxonomy":"post_tag","embeddable":true,"href":"http:\/\/cms.mtsomnii.de\/w7\/wp-json\/wp\/v2\/tags?post=22998"}],"curies":[{"name":"wp","href":"https:\/\/api.w.org\/{rel}","templated":true}]}}