{"id":23000,"date":"2026-03-05T14:00:00","date_gmt":"2026-03-05T13:00:00","guid":{"rendered":"http:\/\/cms.mtsomnii.de\/w7\/kreisbote-gap\/lesung-und-fuehrung-sonderausstellung-im-museum-aschenbrenner-94196682-html-23000\/"},"modified":"2026-03-05T14:00:00","modified_gmt":"2026-03-05T13:00:00","slug":"lesung-und-fuehrung-sonderausstellung-im-museum-aschenbrenner-94196682-html","status":"publish","type":"post","link":"http:\/\/cms.mtsomnii.de\/w7\/kreisbote-gap\/lesung-und-fuehrung-sonderausstellung-im-museum-aschenbrenner-94196682-html-23000\/","title":{"rendered":"Lesung und F\u00fchrung: Sonderausstellung im Museum Aschenbrenner"},"content":{"rendered":"<div>Wie pr\u00e4gend die fr\u00fchen Jahre zwischen Bombenn\u00e4chten und Aufbruchsstimmung waren, zeigt eine Ausstellung, die ber\u00fchrt und zum Erinnern einl\u00e4dt. \u201eDas Interesse ist sehr gro\u00df\u201c, freuen sich Museumsleiterin Karin Teufl und ihr Team.<\/div>\n","protected":false},"excerpt":{"rendered":"<p>Wie pr\u00e4gend die fr\u00fchen Jahre zwischen Bombenn\u00e4chten und Aufbruchsstimmung waren, zeigt eine Ausstellung, die ber\u00fchrt und zum Erinnern einl\u00e4dt. \u201eDas Interesse ist sehr gro\u00df\u201c, freuen sich Museumsleiterin Karin Teufl und ihr Team.<\/p>\n","protected":false},"author":4,"featured_media":0,"comment_status":"closed","ping_status":"open","sticky":false,"template":"","format":"standard","meta":[],"categories":[2],"tags":[],"_links":{"self":[{"href":"http:\/\/cms.mtsomnii.de\/w7\/wp-json\/wp\/v2\/posts\/23000"}],"collection":[{"href":"http:\/\/cms.mtsomnii.de\/w7\/wp-json\/wp\/v2\/posts"}],"about":[{"href":"http:\/\/cms.mtsomnii.de\/w7\/wp-json\/wp\/v2\/types\/post"}],"author":[{"embeddable":true,"href":"http:\/\/cms.mtsomnii.de\/w7\/wp-json\/wp\/v2\/users\/4"}],"replies":[{"embeddable":true,"href":"http:\/\/cms.mtsomnii.de\/w7\/wp-json\/wp\/v2\/comments?post=23000"}],"version-history":[{"count":0,"href":"http:\/\/cms.mtsomnii.de\/w7\/wp-json\/wp\/v2\/posts\/23000\/revisions"}],"wp:attachment":[{"href":"http:\/\/cms.mtsomnii.de\/w7\/wp-json\/wp\/v2\/media?parent=23000"}],"wp:term":[{"taxonomy":"category","embeddable":true,"href":"http:\/\/cms.mtsomnii.de\/w7\/wp-json\/wp\/v2\/categories?post=23000"},{"taxonomy":"post_tag","embeddable":true,"href":"http:\/\/cms.mtsomnii.de\/w7\/wp-json\/wp\/v2\/tags?post=23000"}],"curies":[{"name":"wp","href":"https:\/\/api.w.org\/{rel}","templated":true}]}}