{"id":23002,"date":"2026-03-06T08:00:00","date_gmt":"2026-03-06T07:00:00","guid":{"rendered":"http:\/\/cms.mtsomnii.de\/w7\/kreisbote-gap\/loisach-marci-elektronik-trifft-alphorn-in-garmisch-partenkirchen-94204001-html-23002\/"},"modified":"2026-03-06T08:00:00","modified_gmt":"2026-03-06T07:00:00","slug":"loisach-marci-elektronik-trifft-alphorn-in-garmisch-partenkirchen-94204001-html","status":"publish","type":"post","link":"http:\/\/cms.mtsomnii.de\/w7\/kreisbote-gap\/loisach-marci-elektronik-trifft-alphorn-in-garmisch-partenkirchen-94204001-html-23002\/","title":{"rendered":"Loisach Marci: Elektronik trifft Alphorn in Garmisch-Partenkirchen"},"content":{"rendered":"<div>Wenn elektronische Beats auf alpine Klangwelten treffen, wird das Kaffeehaus Kr\u00f6nner erneut zur B\u00fchne f\u00fcr ein besonderes Konzerterlebnis. Am Samstag, 7. M\u00e4rz, hei\u00dft es wieder: \u201eWir lassen im Kaffeehaus die L\u00fcster klingen.\u201c<\/div>\n","protected":false},"excerpt":{"rendered":"<p>Wenn elektronische Beats auf alpine Klangwelten treffen, wird das Kaffeehaus Kr\u00f6nner erneut zur B\u00fchne f\u00fcr ein besonderes Konzerterlebnis. Am Samstag, 7. M\u00e4rz, hei\u00dft es wieder: \u201eWir lassen im Kaffeehaus die L\u00fcster klingen.\u201c<\/p>\n","protected":false},"author":4,"featured_media":0,"comment_status":"closed","ping_status":"open","sticky":false,"template":"","format":"standard","meta":[],"categories":[2],"tags":[],"_links":{"self":[{"href":"http:\/\/cms.mtsomnii.de\/w7\/wp-json\/wp\/v2\/posts\/23002"}],"collection":[{"href":"http:\/\/cms.mtsomnii.de\/w7\/wp-json\/wp\/v2\/posts"}],"about":[{"href":"http:\/\/cms.mtsomnii.de\/w7\/wp-json\/wp\/v2\/types\/post"}],"author":[{"embeddable":true,"href":"http:\/\/cms.mtsomnii.de\/w7\/wp-json\/wp\/v2\/users\/4"}],"replies":[{"embeddable":true,"href":"http:\/\/cms.mtsomnii.de\/w7\/wp-json\/wp\/v2\/comments?post=23002"}],"version-history":[{"count":0,"href":"http:\/\/cms.mtsomnii.de\/w7\/wp-json\/wp\/v2\/posts\/23002\/revisions"}],"wp:attachment":[{"href":"http:\/\/cms.mtsomnii.de\/w7\/wp-json\/wp\/v2\/media?parent=23002"}],"wp:term":[{"taxonomy":"category","embeddable":true,"href":"http:\/\/cms.mtsomnii.de\/w7\/wp-json\/wp\/v2\/categories?post=23002"},{"taxonomy":"post_tag","embeddable":true,"href":"http:\/\/cms.mtsomnii.de\/w7\/wp-json\/wp\/v2\/tags?post=23002"}],"curies":[{"name":"wp","href":"https:\/\/api.w.org\/{rel}","templated":true}]}}