{"id":23006,"date":"2026-03-03T17:30:00","date_gmt":"2026-03-03T16:30:00","guid":{"rendered":"http:\/\/cms.mtsomnii.de\/w7\/merkur-de-gap\/eine-abgestuerzte-drohne-auf-dem-kasernengelaende-wirft-fragen-auf-94196179-html-2-23006\/"},"modified":"2026-03-03T17:30:00","modified_gmt":"2026-03-03T16:30:00","slug":"eine-abgestuerzte-drohne-auf-dem-kasernengelaende-wirft-fragen-auf-94196179-html-2","status":"publish","type":"post","link":"http:\/\/cms.mtsomnii.de\/w7\/merkur-de-gap\/eine-abgestuerzte-drohne-auf-dem-kasernengelaende-wirft-fragen-auf-94196179-html-2-23006\/","title":{"rendered":"Abgest\u00fcrzte Drohne auf Murnauer Kasernengel\u00e4nde wirft Fragen auf"},"content":{"rendered":"<div>Ende Januar wurde auf dem Gel\u00e4nde der Werdenfelser Kaserne in Murnau eine Drohne gefunden. Der Staatsschutz ermittelt.<\/div>\n","protected":false},"excerpt":{"rendered":"<p>Ende Januar wurde auf dem Gel\u00e4nde der Werdenfelser Kaserne in Murnau eine Drohne gefunden. Der Staatsschutz ermittelt.<\/p>\n","protected":false},"author":5,"featured_media":0,"comment_status":"closed","ping_status":"open","sticky":false,"template":"","format":"standard","meta":[],"categories":[5],"tags":[],"_links":{"self":[{"href":"http:\/\/cms.mtsomnii.de\/w7\/wp-json\/wp\/v2\/posts\/23006"}],"collection":[{"href":"http:\/\/cms.mtsomnii.de\/w7\/wp-json\/wp\/v2\/posts"}],"about":[{"href":"http:\/\/cms.mtsomnii.de\/w7\/wp-json\/wp\/v2\/types\/post"}],"author":[{"embeddable":true,"href":"http:\/\/cms.mtsomnii.de\/w7\/wp-json\/wp\/v2\/users\/5"}],"replies":[{"embeddable":true,"href":"http:\/\/cms.mtsomnii.de\/w7\/wp-json\/wp\/v2\/comments?post=23006"}],"version-history":[{"count":0,"href":"http:\/\/cms.mtsomnii.de\/w7\/wp-json\/wp\/v2\/posts\/23006\/revisions"}],"wp:attachment":[{"href":"http:\/\/cms.mtsomnii.de\/w7\/wp-json\/wp\/v2\/media?parent=23006"}],"wp:term":[{"taxonomy":"category","embeddable":true,"href":"http:\/\/cms.mtsomnii.de\/w7\/wp-json\/wp\/v2\/categories?post=23006"},{"taxonomy":"post_tag","embeddable":true,"href":"http:\/\/cms.mtsomnii.de\/w7\/wp-json\/wp\/v2\/tags?post=23006"}],"curies":[{"name":"wp","href":"https:\/\/api.w.org\/{rel}","templated":true}]}}