{"id":23026,"date":"2026-03-09T17:00:00","date_gmt":"2026-03-09T16:00:00","guid":{"rendered":"http:\/\/cms.mtsomnii.de\/w7\/merkur-de-gap\/kommandowechsel-in-wallgau-holzer-stuerzt-eiter-vom-rathaus-thron-94209315-html-23026\/"},"modified":"2026-03-09T17:00:00","modified_gmt":"2026-03-09T16:00:00","slug":"kommandowechsel-in-wallgau-holzer-stuerzt-eiter-vom-rathaus-thron-94209315-html","status":"publish","type":"post","link":"http:\/\/cms.mtsomnii.de\/w7\/merkur-de-gap\/kommandowechsel-in-wallgau-holzer-stuerzt-eiter-vom-rathaus-thron-94209315-html-23026\/","title":{"rendered":"Holzer st\u00fcrzt Eiter vom Rathaus-Thron"},"content":{"rendered":"<div>Das Ergebnis l\u00e4sst keinen Spielraum f\u00fcr Interpretationen: Beim Wallgauer B\u00fcrgermeister-Duell hat der schwarze Herausforderer Florian Holzer den Amtsinhaber Bastian Eiter mit 64,1 Prozent vom Sockel gesto\u00dfen. F\u00fcr ihn ist nach nur sechs Jahren wieder Schluss.<\/div>\n","protected":false},"excerpt":{"rendered":"<p>Das Ergebnis l\u00e4sst keinen Spielraum f\u00fcr Interpretationen: Beim Wallgauer B\u00fcrgermeister-Duell hat der schwarze Herausforderer Florian Holzer den Amtsinhaber Bastian Eiter mit 64,1 Prozent vom Sockel gesto\u00dfen. F\u00fcr ihn ist nach nur sechs Jahren wieder Schluss.<\/p>\n","protected":false},"author":5,"featured_media":0,"comment_status":"closed","ping_status":"open","sticky":false,"template":"","format":"standard","meta":[],"categories":[5],"tags":[],"_links":{"self":[{"href":"http:\/\/cms.mtsomnii.de\/w7\/wp-json\/wp\/v2\/posts\/23026"}],"collection":[{"href":"http:\/\/cms.mtsomnii.de\/w7\/wp-json\/wp\/v2\/posts"}],"about":[{"href":"http:\/\/cms.mtsomnii.de\/w7\/wp-json\/wp\/v2\/types\/post"}],"author":[{"embeddable":true,"href":"http:\/\/cms.mtsomnii.de\/w7\/wp-json\/wp\/v2\/users\/5"}],"replies":[{"embeddable":true,"href":"http:\/\/cms.mtsomnii.de\/w7\/wp-json\/wp\/v2\/comments?post=23026"}],"version-history":[{"count":0,"href":"http:\/\/cms.mtsomnii.de\/w7\/wp-json\/wp\/v2\/posts\/23026\/revisions"}],"wp:attachment":[{"href":"http:\/\/cms.mtsomnii.de\/w7\/wp-json\/wp\/v2\/media?parent=23026"}],"wp:term":[{"taxonomy":"category","embeddable":true,"href":"http:\/\/cms.mtsomnii.de\/w7\/wp-json\/wp\/v2\/categories?post=23026"},{"taxonomy":"post_tag","embeddable":true,"href":"http:\/\/cms.mtsomnii.de\/w7\/wp-json\/wp\/v2\/tags?post=23026"}],"curies":[{"name":"wp","href":"https:\/\/api.w.org\/{rel}","templated":true}]}}