{"id":23029,"date":"2026-03-10T16:58:00","date_gmt":"2026-03-10T15:58:00","guid":{"rendered":"http:\/\/cms.mtsomnii.de\/w7\/merkur-de-gap\/wahlbeben-in-oberammergau-bio-verdoppelt-sitze-stichwahl-entscheidet-buergermeister-94211156-html-23029\/"},"modified":"2026-03-10T16:58:00","modified_gmt":"2026-03-10T15:58:00","slug":"wahlbeben-in-oberammergau-bio-verdoppelt-sitze-stichwahl-entscheidet-buergermeister-94211156-html","status":"publish","type":"post","link":"http:\/\/cms.mtsomnii.de\/w7\/merkur-de-gap\/wahlbeben-in-oberammergau-bio-verdoppelt-sitze-stichwahl-entscheidet-buergermeister-94211156-html-23029\/","title":{"rendered":"Wahlbeben in Oberammergau: BIO verdoppelt Sitze \u2013 Stichwahl entscheidet B\u00fcrgermeister"},"content":{"rendered":"<div>Oberammergau dreht die Extrarunde. Zwei B\u00fcrgermeister-Kandidaten gehen in die Stichwahl. Derweil \u00fcberlegen die Fraktionen, ob sie Wahlempfehlungen abgeben. Im Gemeinderat zieht frischer Wind ein.<\/div>\n","protected":false},"excerpt":{"rendered":"<p>Oberammergau dreht die Extrarunde. Zwei B\u00fcrgermeister-Kandidaten gehen in die Stichwahl. Derweil \u00fcberlegen die Fraktionen, ob sie Wahlempfehlungen abgeben. Im Gemeinderat zieht frischer Wind ein.<\/p>\n","protected":false},"author":5,"featured_media":0,"comment_status":"closed","ping_status":"open","sticky":false,"template":"","format":"standard","meta":[],"categories":[5],"tags":[],"_links":{"self":[{"href":"http:\/\/cms.mtsomnii.de\/w7\/wp-json\/wp\/v2\/posts\/23029"}],"collection":[{"href":"http:\/\/cms.mtsomnii.de\/w7\/wp-json\/wp\/v2\/posts"}],"about":[{"href":"http:\/\/cms.mtsomnii.de\/w7\/wp-json\/wp\/v2\/types\/post"}],"author":[{"embeddable":true,"href":"http:\/\/cms.mtsomnii.de\/w7\/wp-json\/wp\/v2\/users\/5"}],"replies":[{"embeddable":true,"href":"http:\/\/cms.mtsomnii.de\/w7\/wp-json\/wp\/v2\/comments?post=23029"}],"version-history":[{"count":0,"href":"http:\/\/cms.mtsomnii.de\/w7\/wp-json\/wp\/v2\/posts\/23029\/revisions"}],"wp:attachment":[{"href":"http:\/\/cms.mtsomnii.de\/w7\/wp-json\/wp\/v2\/media?parent=23029"}],"wp:term":[{"taxonomy":"category","embeddable":true,"href":"http:\/\/cms.mtsomnii.de\/w7\/wp-json\/wp\/v2\/categories?post=23029"},{"taxonomy":"post_tag","embeddable":true,"href":"http:\/\/cms.mtsomnii.de\/w7\/wp-json\/wp\/v2\/tags?post=23029"}],"curies":[{"name":"wp","href":"https:\/\/api.w.org\/{rel}","templated":true}]}}