{"id":23033,"date":"2026-03-11T10:45:00","date_gmt":"2026-03-11T09:45:00","guid":{"rendered":"http:\/\/cms.mtsomnii.de\/w7\/merkur-de-gap\/der-kreistag-bekommt-ein-voellig-neues-gesicht-mit-vielen-neulingen-94212098-html-23033\/"},"modified":"2026-03-11T10:45:00","modified_gmt":"2026-03-11T09:45:00","slug":"der-kreistag-bekommt-ein-voellig-neues-gesicht-mit-vielen-neulingen-94212098-html","status":"publish","type":"post","link":"http:\/\/cms.mtsomnii.de\/w7\/merkur-de-gap\/der-kreistag-bekommt-ein-voellig-neues-gesicht-mit-vielen-neulingen-94212098-html-23033\/","title":{"rendered":"Viele Neulinge \u2013 und zwei B\u00fcrgermeister ziehen mit Ehefrauen in den Kreistag ein"},"content":{"rendered":"<div>Mehr als die H\u00e4lfte der Mitglieder im neuen Kreistag sind Neulinge. Die Kr\u00e4fteverh\u00e4ltnisse verschieben sich. Die Freien W\u00e4hler in und um Garmisch-Partenkirchen sowie die AfD legen zu.<\/div>\n","protected":false},"excerpt":{"rendered":"<p>Mehr als die H\u00e4lfte der Mitglieder im neuen Kreistag sind Neulinge. Die Kr\u00e4fteverh\u00e4ltnisse verschieben sich. Die Freien W\u00e4hler in und um Garmisch-Partenkirchen sowie die AfD legen zu.<\/p>\n","protected":false},"author":5,"featured_media":0,"comment_status":"closed","ping_status":"open","sticky":false,"template":"","format":"standard","meta":[],"categories":[5],"tags":[],"_links":{"self":[{"href":"http:\/\/cms.mtsomnii.de\/w7\/wp-json\/wp\/v2\/posts\/23033"}],"collection":[{"href":"http:\/\/cms.mtsomnii.de\/w7\/wp-json\/wp\/v2\/posts"}],"about":[{"href":"http:\/\/cms.mtsomnii.de\/w7\/wp-json\/wp\/v2\/types\/post"}],"author":[{"embeddable":true,"href":"http:\/\/cms.mtsomnii.de\/w7\/wp-json\/wp\/v2\/users\/5"}],"replies":[{"embeddable":true,"href":"http:\/\/cms.mtsomnii.de\/w7\/wp-json\/wp\/v2\/comments?post=23033"}],"version-history":[{"count":0,"href":"http:\/\/cms.mtsomnii.de\/w7\/wp-json\/wp\/v2\/posts\/23033\/revisions"}],"wp:attachment":[{"href":"http:\/\/cms.mtsomnii.de\/w7\/wp-json\/wp\/v2\/media?parent=23033"}],"wp:term":[{"taxonomy":"category","embeddable":true,"href":"http:\/\/cms.mtsomnii.de\/w7\/wp-json\/wp\/v2\/categories?post=23033"},{"taxonomy":"post_tag","embeddable":true,"href":"http:\/\/cms.mtsomnii.de\/w7\/wp-json\/wp\/v2\/tags?post=23033"}],"curies":[{"name":"wp","href":"https:\/\/api.w.org\/{rel}","templated":true}]}}