{"id":23038,"date":"2026-03-12T11:45:44","date_gmt":"2026-03-12T10:45:44","guid":{"rendered":"http:\/\/cms.mtsomnii.de\/w7\/kreisbote-gap\/murnau-beantragt-mehr-sicherheit-auf-der-b2-bei-hechendorf-und-weichs-94214033-html-23038\/"},"modified":"2026-03-12T11:45:44","modified_gmt":"2026-03-12T10:45:44","slug":"murnau-beantragt-mehr-sicherheit-auf-der-b2-bei-hechendorf-und-weichs-94214033-html","status":"publish","type":"post","link":"http:\/\/cms.mtsomnii.de\/w7\/kreisbote-gap\/murnau-beantragt-mehr-sicherheit-auf-der-b2-bei-hechendorf-und-weichs-94214033-html-23038\/","title":{"rendered":"Murnau beantragt mehr Sicherheit auf der B2 bei Hechendorf und Weichs"},"content":{"rendered":"<div>Der Markt Murnau m\u00f6chte die Verkehrssicherheit auf der Bundesstra\u00dfe B2 verbessern. B\u00fcrgermeister Rolf Beuting hat deshalb beim Landratsamt einen Antrag auf eine verkehrsrechtliche Anordnung gestellt. Konkret geht es um eine Geschwindigkeitsbeschr\u00e4nkung auf 70 km\/h zwischen den Abzweigungen Wascherfeld Hechendorf und Weichs in beiden Fahrtrichtungen.<\/div>\n","protected":false},"excerpt":{"rendered":"<p>Der Markt Murnau m\u00f6chte die Verkehrssicherheit auf der Bundesstra\u00dfe B2 verbessern. B\u00fcrgermeister Rolf Beuting hat deshalb beim Landratsamt einen Antrag auf eine verkehrsrechtliche Anordnung gestellt. Konkret geht es um eine Geschwindigkeitsbeschr\u00e4nkung auf 70 km\/h zwischen den Abzweigungen Wascherfeld Hechendorf und Weichs in beiden Fahrtrichtungen.<\/p>\n","protected":false},"author":4,"featured_media":0,"comment_status":"closed","ping_status":"open","sticky":false,"template":"","format":"standard","meta":[],"categories":[2],"tags":[],"_links":{"self":[{"href":"http:\/\/cms.mtsomnii.de\/w7\/wp-json\/wp\/v2\/posts\/23038"}],"collection":[{"href":"http:\/\/cms.mtsomnii.de\/w7\/wp-json\/wp\/v2\/posts"}],"about":[{"href":"http:\/\/cms.mtsomnii.de\/w7\/wp-json\/wp\/v2\/types\/post"}],"author":[{"embeddable":true,"href":"http:\/\/cms.mtsomnii.de\/w7\/wp-json\/wp\/v2\/users\/4"}],"replies":[{"embeddable":true,"href":"http:\/\/cms.mtsomnii.de\/w7\/wp-json\/wp\/v2\/comments?post=23038"}],"version-history":[{"count":0,"href":"http:\/\/cms.mtsomnii.de\/w7\/wp-json\/wp\/v2\/posts\/23038\/revisions"}],"wp:attachment":[{"href":"http:\/\/cms.mtsomnii.de\/w7\/wp-json\/wp\/v2\/media?parent=23038"}],"wp:term":[{"taxonomy":"category","embeddable":true,"href":"http:\/\/cms.mtsomnii.de\/w7\/wp-json\/wp\/v2\/categories?post=23038"},{"taxonomy":"post_tag","embeddable":true,"href":"http:\/\/cms.mtsomnii.de\/w7\/wp-json\/wp\/v2\/tags?post=23038"}],"curies":[{"name":"wp","href":"https:\/\/api.w.org\/{rel}","templated":true}]}}