{"id":23048,"date":"2026-03-14T21:50:00","date_gmt":"2026-03-14T20:50:00","guid":{"rendered":"http:\/\/cms.mtsomnii.de\/w7\/merkur-de-gap\/geheimnis-gelueftet-br-radltour-rollt-nach-oberammergau-94217305-html-23048\/"},"modified":"2026-03-14T21:50:00","modified_gmt":"2026-03-14T20:50:00","slug":"geheimnis-gelueftet-br-radltour-rollt-nach-oberammergau-94217305-html","status":"publish","type":"post","link":"http:\/\/cms.mtsomnii.de\/w7\/merkur-de-gap\/geheimnis-gelueftet-br-radltour-rollt-nach-oberammergau-94217305-html-23048\/","title":{"rendered":"Geheimnis gel\u00fcftet: BR-Radltour rollt nach Oberammergau"},"content":{"rendered":"<div>Das n\u00e4chste Gro\u00dfereignis steht an: Die BR-Radltour macht in diesem Jahr Station in Oberammergau. Am 4. August werden die Teilnehmer erwartet.<\/div>\n","protected":false},"excerpt":{"rendered":"<p>Das n\u00e4chste Gro\u00dfereignis steht an: Die BR-Radltour macht in diesem Jahr Station in Oberammergau. Am 4. August werden die Teilnehmer erwartet.<\/p>\n","protected":false},"author":5,"featured_media":0,"comment_status":"closed","ping_status":"open","sticky":false,"template":"","format":"standard","meta":[],"categories":[5],"tags":[],"_links":{"self":[{"href":"http:\/\/cms.mtsomnii.de\/w7\/wp-json\/wp\/v2\/posts\/23048"}],"collection":[{"href":"http:\/\/cms.mtsomnii.de\/w7\/wp-json\/wp\/v2\/posts"}],"about":[{"href":"http:\/\/cms.mtsomnii.de\/w7\/wp-json\/wp\/v2\/types\/post"}],"author":[{"embeddable":true,"href":"http:\/\/cms.mtsomnii.de\/w7\/wp-json\/wp\/v2\/users\/5"}],"replies":[{"embeddable":true,"href":"http:\/\/cms.mtsomnii.de\/w7\/wp-json\/wp\/v2\/comments?post=23048"}],"version-history":[{"count":0,"href":"http:\/\/cms.mtsomnii.de\/w7\/wp-json\/wp\/v2\/posts\/23048\/revisions"}],"wp:attachment":[{"href":"http:\/\/cms.mtsomnii.de\/w7\/wp-json\/wp\/v2\/media?parent=23048"}],"wp:term":[{"taxonomy":"category","embeddable":true,"href":"http:\/\/cms.mtsomnii.de\/w7\/wp-json\/wp\/v2\/categories?post=23048"},{"taxonomy":"post_tag","embeddable":true,"href":"http:\/\/cms.mtsomnii.de\/w7\/wp-json\/wp\/v2\/tags?post=23048"}],"curies":[{"name":"wp","href":"https:\/\/api.w.org\/{rel}","templated":true}]}}