{"id":23051,"date":"2026-03-16T07:02:00","date_gmt":"2026-03-16T06:02:00","guid":{"rendered":"http:\/\/cms.mtsomnii.de\/w7\/merkur-de-gap\/selina-grotian-sammelt-selbstvertrauen-david-zobel-gibt-auf-biathlon-weltcup-deutsches-ass-94219162-html-23051\/"},"modified":"2026-03-16T07:02:00","modified_gmt":"2026-03-16T06:02:00","slug":"selina-grotian-sammelt-selbstvertrauen-david-zobel-gibt-auf-biathlon-weltcup-deutsches-ass-94219162-html","status":"publish","type":"post","link":"http:\/\/cms.mtsomnii.de\/w7\/merkur-de-gap\/selina-grotian-sammelt-selbstvertrauen-david-zobel-gibt-auf-biathlon-weltcup-deutsches-ass-94219162-html-23051\/","title":{"rendered":"Deutsches Biathlon-Ass verk\u00fcndet Saison-Aus"},"content":{"rendered":"<div>Die Biathlon-Saison endet turbulent f\u00fcr zwei deutsche Athleten. W\u00e4hrend es f\u00fcr eine deutsche Hoffnung im Weltcup bergauf geht, beendet ein weiteres DSV-Ass schon seine Saison.<\/div>\n","protected":false},"excerpt":{"rendered":"<p>Die Biathlon-Saison endet turbulent f\u00fcr zwei deutsche Athleten. W\u00e4hrend es f\u00fcr eine deutsche Hoffnung im Weltcup bergauf geht, beendet ein weiteres DSV-Ass schon seine Saison.<\/p>\n","protected":false},"author":5,"featured_media":0,"comment_status":"closed","ping_status":"open","sticky":false,"template":"","format":"standard","meta":[],"categories":[5],"tags":[],"_links":{"self":[{"href":"http:\/\/cms.mtsomnii.de\/w7\/wp-json\/wp\/v2\/posts\/23051"}],"collection":[{"href":"http:\/\/cms.mtsomnii.de\/w7\/wp-json\/wp\/v2\/posts"}],"about":[{"href":"http:\/\/cms.mtsomnii.de\/w7\/wp-json\/wp\/v2\/types\/post"}],"author":[{"embeddable":true,"href":"http:\/\/cms.mtsomnii.de\/w7\/wp-json\/wp\/v2\/users\/5"}],"replies":[{"embeddable":true,"href":"http:\/\/cms.mtsomnii.de\/w7\/wp-json\/wp\/v2\/comments?post=23051"}],"version-history":[{"count":0,"href":"http:\/\/cms.mtsomnii.de\/w7\/wp-json\/wp\/v2\/posts\/23051\/revisions"}],"wp:attachment":[{"href":"http:\/\/cms.mtsomnii.de\/w7\/wp-json\/wp\/v2\/media?parent=23051"}],"wp:term":[{"taxonomy":"category","embeddable":true,"href":"http:\/\/cms.mtsomnii.de\/w7\/wp-json\/wp\/v2\/categories?post=23051"},{"taxonomy":"post_tag","embeddable":true,"href":"http:\/\/cms.mtsomnii.de\/w7\/wp-json\/wp\/v2\/tags?post=23051"}],"curies":[{"name":"wp","href":"https:\/\/api.w.org\/{rel}","templated":true}]}}