{"id":23059,"date":"2026-03-18T06:00:00","date_gmt":"2026-03-18T05:00:00","guid":{"rendered":"http:\/\/cms.mtsomnii.de\/w7\/merkur-de-gap\/gebirgsjaeger-bei-nato-groessuebung-der-mann-der-in-die-kaelte-kam-bundeskanzler-auf-truppenbesuch-94222663-html-23059\/"},"modified":"2026-03-18T06:00:00","modified_gmt":"2026-03-18T05:00:00","slug":"gebirgsjaeger-bei-nato-groessuebung-der-mann-der-in-die-kaelte-kam-bundeskanzler-auf-truppenbesuch-94222663-html","status":"publish","type":"post","link":"http:\/\/cms.mtsomnii.de\/w7\/merkur-de-gap\/gebirgsjaeger-bei-nato-groessuebung-der-mann-der-in-die-kaelte-kam-bundeskanzler-auf-truppenbesuch-94222663-html-23059\/","title":{"rendered":"Der Mann, der in die K\u00e4lte kam:  Bundeskanzler auf Truppenbesuch"},"content":{"rendered":"<div>Die Mittenwalder Gebirgsj\u00e4ger m\u00fcssen noch knapp zwei Wochen den arktischen Temperaturen trotzen, dann haben sie das NATO-Gro\u00dfman\u00f6ver \u201eCold Response\u201c in Nordnorwegen erfolgreich hinter sich gebracht. Vor wenigen Tagen schaute Regierungschef Friedrich Merz beim deutschen Kontingent vorbei.<\/div>\n","protected":false},"excerpt":{"rendered":"<p>Die Mittenwalder Gebirgsj\u00e4ger m\u00fcssen noch knapp zwei Wochen den arktischen Temperaturen trotzen, dann haben sie das NATO-Gro\u00dfman\u00f6ver \u201eCold Response\u201c in Nordnorwegen erfolgreich hinter sich gebracht. Vor wenigen Tagen schaute Regierungschef Friedrich Merz beim deutschen Kontingent vorbei.<\/p>\n","protected":false},"author":5,"featured_media":0,"comment_status":"closed","ping_status":"open","sticky":false,"template":"","format":"standard","meta":[],"categories":[5],"tags":[],"_links":{"self":[{"href":"http:\/\/cms.mtsomnii.de\/w7\/wp-json\/wp\/v2\/posts\/23059"}],"collection":[{"href":"http:\/\/cms.mtsomnii.de\/w7\/wp-json\/wp\/v2\/posts"}],"about":[{"href":"http:\/\/cms.mtsomnii.de\/w7\/wp-json\/wp\/v2\/types\/post"}],"author":[{"embeddable":true,"href":"http:\/\/cms.mtsomnii.de\/w7\/wp-json\/wp\/v2\/users\/5"}],"replies":[{"embeddable":true,"href":"http:\/\/cms.mtsomnii.de\/w7\/wp-json\/wp\/v2\/comments?post=23059"}],"version-history":[{"count":0,"href":"http:\/\/cms.mtsomnii.de\/w7\/wp-json\/wp\/v2\/posts\/23059\/revisions"}],"wp:attachment":[{"href":"http:\/\/cms.mtsomnii.de\/w7\/wp-json\/wp\/v2\/media?parent=23059"}],"wp:term":[{"taxonomy":"category","embeddable":true,"href":"http:\/\/cms.mtsomnii.de\/w7\/wp-json\/wp\/v2\/categories?post=23059"},{"taxonomy":"post_tag","embeddable":true,"href":"http:\/\/cms.mtsomnii.de\/w7\/wp-json\/wp\/v2\/tags?post=23059"}],"curies":[{"name":"wp","href":"https:\/\/api.w.org\/{rel}","templated":true}]}}