{"id":23066,"date":"2026-03-18T17:00:00","date_gmt":"2026-03-18T16:00:00","guid":{"rendered":"http:\/\/cms.mtsomnii.de\/w7\/merkur-de-gap\/frosch-wanderung-im-landkreis-in-vollem-gange-94224398-html-23066\/"},"modified":"2026-03-18T17:00:00","modified_gmt":"2026-03-18T16:00:00","slug":"frosch-wanderung-im-landkreis-in-vollem-gange-94224398-html","status":"publish","type":"post","link":"http:\/\/cms.mtsomnii.de\/w7\/merkur-de-gap\/frosch-wanderung-im-landkreis-in-vollem-gange-94224398-html-23066\/","title":{"rendered":"Frosch-Wanderung im Landkreis in vollem Gange"},"content":{"rendered":"<div>Seit ein paar Tagen sind Fr\u00f6sche, Kr\u00f6ten und Molche wieder auf dem Weg zu ihren Laichgew\u00e4ssern. Z\u00e4une sind aufgestellt, Helfer vor Ort. Doch viele von ihnen \u00fcberleben die Wanderung nicht. Der Landesbund f\u00fcr Vogel- und Naturschutz (LBV) appelliert an Autofahrer, R\u00fccksicht zu nehmen.<\/div>\n","protected":false},"excerpt":{"rendered":"<p>Seit ein paar Tagen sind Fr\u00f6sche, Kr\u00f6ten und Molche wieder auf dem Weg zu ihren Laichgew\u00e4ssern. Z\u00e4une sind aufgestellt, Helfer vor Ort. Doch viele von ihnen \u00fcberleben die Wanderung nicht. Der Landesbund f\u00fcr Vogel- und Naturschutz (LBV) appelliert an Autofahrer, R\u00fccksicht zu nehmen.<\/p>\n","protected":false},"author":5,"featured_media":0,"comment_status":"closed","ping_status":"open","sticky":false,"template":"","format":"standard","meta":[],"categories":[5],"tags":[],"_links":{"self":[{"href":"http:\/\/cms.mtsomnii.de\/w7\/wp-json\/wp\/v2\/posts\/23066"}],"collection":[{"href":"http:\/\/cms.mtsomnii.de\/w7\/wp-json\/wp\/v2\/posts"}],"about":[{"href":"http:\/\/cms.mtsomnii.de\/w7\/wp-json\/wp\/v2\/types\/post"}],"author":[{"embeddable":true,"href":"http:\/\/cms.mtsomnii.de\/w7\/wp-json\/wp\/v2\/users\/5"}],"replies":[{"embeddable":true,"href":"http:\/\/cms.mtsomnii.de\/w7\/wp-json\/wp\/v2\/comments?post=23066"}],"version-history":[{"count":0,"href":"http:\/\/cms.mtsomnii.de\/w7\/wp-json\/wp\/v2\/posts\/23066\/revisions"}],"wp:attachment":[{"href":"http:\/\/cms.mtsomnii.de\/w7\/wp-json\/wp\/v2\/media?parent=23066"}],"wp:term":[{"taxonomy":"category","embeddable":true,"href":"http:\/\/cms.mtsomnii.de\/w7\/wp-json\/wp\/v2\/categories?post=23066"},{"taxonomy":"post_tag","embeddable":true,"href":"http:\/\/cms.mtsomnii.de\/w7\/wp-json\/wp\/v2\/tags?post=23066"}],"curies":[{"name":"wp","href":"https:\/\/api.w.org\/{rel}","templated":true}]}}