{"id":23073,"date":"2026-03-19T16:00:00","date_gmt":"2026-03-19T15:00:00","guid":{"rendered":"http:\/\/cms.mtsomnii.de\/w7\/kreisbote-gap\/musikkapelle-partenkirchen-zieht-bilanz-94223725-html-23073\/"},"modified":"2026-03-19T16:00:00","modified_gmt":"2026-03-19T15:00:00","slug":"musikkapelle-partenkirchen-zieht-bilanz-94223725-html","status":"publish","type":"post","link":"http:\/\/cms.mtsomnii.de\/w7\/kreisbote-gap\/musikkapelle-partenkirchen-zieht-bilanz-94223725-html-23073\/","title":{"rendered":"Musikkapelle Partenkirchen zieht Bilanz"},"content":{"rendered":"<div>Bei ihrer j\u00e4hrlichen Generalversammlung blickte die Musikkapelle Partenkirchen auf ein ereignisreiches Vereinsjahr zur\u00fcck. Hierf\u00fcr begr\u00fc\u00dfte der erste Vorstand Josef Grasegger die zahlreich erschienenen Mitglieder im Olympiahaus und lie\u00df die vergangene Saison Revue passieren.<\/div>\n","protected":false},"excerpt":{"rendered":"<p>Bei ihrer j\u00e4hrlichen Generalversammlung blickte die Musikkapelle Partenkirchen auf ein ereignisreiches Vereinsjahr zur\u00fcck. Hierf\u00fcr begr\u00fc\u00dfte der erste Vorstand Josef Grasegger die zahlreich erschienenen Mitglieder im Olympiahaus und lie\u00df die vergangene Saison Revue passieren.<\/p>\n","protected":false},"author":4,"featured_media":0,"comment_status":"closed","ping_status":"open","sticky":false,"template":"","format":"standard","meta":[],"categories":[2],"tags":[],"_links":{"self":[{"href":"http:\/\/cms.mtsomnii.de\/w7\/wp-json\/wp\/v2\/posts\/23073"}],"collection":[{"href":"http:\/\/cms.mtsomnii.de\/w7\/wp-json\/wp\/v2\/posts"}],"about":[{"href":"http:\/\/cms.mtsomnii.de\/w7\/wp-json\/wp\/v2\/types\/post"}],"author":[{"embeddable":true,"href":"http:\/\/cms.mtsomnii.de\/w7\/wp-json\/wp\/v2\/users\/4"}],"replies":[{"embeddable":true,"href":"http:\/\/cms.mtsomnii.de\/w7\/wp-json\/wp\/v2\/comments?post=23073"}],"version-history":[{"count":0,"href":"http:\/\/cms.mtsomnii.de\/w7\/wp-json\/wp\/v2\/posts\/23073\/revisions"}],"wp:attachment":[{"href":"http:\/\/cms.mtsomnii.de\/w7\/wp-json\/wp\/v2\/media?parent=23073"}],"wp:term":[{"taxonomy":"category","embeddable":true,"href":"http:\/\/cms.mtsomnii.de\/w7\/wp-json\/wp\/v2\/categories?post=23073"},{"taxonomy":"post_tag","embeddable":true,"href":"http:\/\/cms.mtsomnii.de\/w7\/wp-json\/wp\/v2\/tags?post=23073"}],"curies":[{"name":"wp","href":"https:\/\/api.w.org\/{rel}","templated":true}]}}