{"id":23079,"date":"2026-03-21T08:00:00","date_gmt":"2026-03-21T07:00:00","guid":{"rendered":"http:\/\/cms.mtsomnii.de\/w7\/kreisbote-gap\/die-br-radltour-kommt-nach-oberammergau-94225048-html-23079\/"},"modified":"2026-03-21T08:00:00","modified_gmt":"2026-03-21T07:00:00","slug":"die-br-radltour-kommt-nach-oberammergau-94225048-html","status":"publish","type":"post","link":"http:\/\/cms.mtsomnii.de\/w7\/kreisbote-gap\/die-br-radltour-kommt-nach-oberammergau-94225048-html-23079\/","title":{"rendered":"Die BR-Radltour kommt nach Oberammergau"},"content":{"rendered":"<div>Die Strecke steht fest. Die 35. BR-Radltour f\u00fchrt im Sommer 2026 quer durch die S\u00fcdh\u00e4lfte Bayerns und macht dabei auch im Landkreis Garmisch-Partenkirchen Station. Am 4. August erreichen die rund 1.000 Teilnehmer Oberammergau.<\/div>\n","protected":false},"excerpt":{"rendered":"<p>Die Strecke steht fest. Die 35. BR-Radltour f\u00fchrt im Sommer 2026 quer durch die S\u00fcdh\u00e4lfte Bayerns und macht dabei auch im Landkreis Garmisch-Partenkirchen Station. Am 4. August erreichen die rund 1.000 Teilnehmer Oberammergau.<\/p>\n","protected":false},"author":4,"featured_media":0,"comment_status":"closed","ping_status":"open","sticky":false,"template":"","format":"standard","meta":[],"categories":[2],"tags":[],"_links":{"self":[{"href":"http:\/\/cms.mtsomnii.de\/w7\/wp-json\/wp\/v2\/posts\/23079"}],"collection":[{"href":"http:\/\/cms.mtsomnii.de\/w7\/wp-json\/wp\/v2\/posts"}],"about":[{"href":"http:\/\/cms.mtsomnii.de\/w7\/wp-json\/wp\/v2\/types\/post"}],"author":[{"embeddable":true,"href":"http:\/\/cms.mtsomnii.de\/w7\/wp-json\/wp\/v2\/users\/4"}],"replies":[{"embeddable":true,"href":"http:\/\/cms.mtsomnii.de\/w7\/wp-json\/wp\/v2\/comments?post=23079"}],"version-history":[{"count":0,"href":"http:\/\/cms.mtsomnii.de\/w7\/wp-json\/wp\/v2\/posts\/23079\/revisions"}],"wp:attachment":[{"href":"http:\/\/cms.mtsomnii.de\/w7\/wp-json\/wp\/v2\/media?parent=23079"}],"wp:term":[{"taxonomy":"category","embeddable":true,"href":"http:\/\/cms.mtsomnii.de\/w7\/wp-json\/wp\/v2\/categories?post=23079"},{"taxonomy":"post_tag","embeddable":true,"href":"http:\/\/cms.mtsomnii.de\/w7\/wp-json\/wp\/v2\/tags?post=23079"}],"curies":[{"name":"wp","href":"https:\/\/api.w.org\/{rel}","templated":true}]}}