{"id":23085,"date":"2026-03-22T16:31:00","date_gmt":"2026-03-22T15:31:00","guid":{"rendered":"http:\/\/cms.mtsomnii.de\/w7\/merkur-de-gap\/kommunalwahl-2026-bayern-live-ticker-oberammergau-buergermeister-stichwahl-ergebnis-94227615-html-23085\/"},"modified":"2026-03-22T16:31:00","modified_gmt":"2026-03-22T15:31:00","slug":"kommunalwahl-2026-bayern-live-ticker-oberammergau-buergermeister-stichwahl-ergebnis-94227615-html","status":"publish","type":"post","link":"http:\/\/cms.mtsomnii.de\/w7\/merkur-de-gap\/kommunalwahl-2026-bayern-live-ticker-oberammergau-buergermeister-stichwahl-ergebnis-94227615-html-23085\/","title":{"rendered":"Stichwahl in Oberammergau im Live-Ticker: Wahlkampf von E-Mail-Aff\u00e4re \u00fcberschattet"},"content":{"rendered":"<div>Tag der Entscheidung in Oberammergau: In der Stichwahl um den Posten des B\u00fcrgermeisters treten zwei Kandidaten gegeneinander an. Wir berichten im Live-Ticker.<\/div>\n","protected":false},"excerpt":{"rendered":"<p>Tag der Entscheidung in Oberammergau: In der Stichwahl um den Posten des B\u00fcrgermeisters treten zwei Kandidaten gegeneinander an. Wir berichten im Live-Ticker.<\/p>\n","protected":false},"author":5,"featured_media":0,"comment_status":"closed","ping_status":"open","sticky":false,"template":"","format":"standard","meta":[],"categories":[5],"tags":[],"_links":{"self":[{"href":"http:\/\/cms.mtsomnii.de\/w7\/wp-json\/wp\/v2\/posts\/23085"}],"collection":[{"href":"http:\/\/cms.mtsomnii.de\/w7\/wp-json\/wp\/v2\/posts"}],"about":[{"href":"http:\/\/cms.mtsomnii.de\/w7\/wp-json\/wp\/v2\/types\/post"}],"author":[{"embeddable":true,"href":"http:\/\/cms.mtsomnii.de\/w7\/wp-json\/wp\/v2\/users\/5"}],"replies":[{"embeddable":true,"href":"http:\/\/cms.mtsomnii.de\/w7\/wp-json\/wp\/v2\/comments?post=23085"}],"version-history":[{"count":0,"href":"http:\/\/cms.mtsomnii.de\/w7\/wp-json\/wp\/v2\/posts\/23085\/revisions"}],"wp:attachment":[{"href":"http:\/\/cms.mtsomnii.de\/w7\/wp-json\/wp\/v2\/media?parent=23085"}],"wp:term":[{"taxonomy":"category","embeddable":true,"href":"http:\/\/cms.mtsomnii.de\/w7\/wp-json\/wp\/v2\/categories?post=23085"},{"taxonomy":"post_tag","embeddable":true,"href":"http:\/\/cms.mtsomnii.de\/w7\/wp-json\/wp\/v2\/tags?post=23085"}],"curies":[{"name":"wp","href":"https:\/\/api.w.org\/{rel}","templated":true}]}}