{"id":23086,"date":"2026-03-22T23:40:36","date_gmt":"2026-03-22T22:40:36","guid":{"rendered":"http:\/\/cms.mtsomnii.de\/w7\/merkur-de-gap\/schwarzfischer-ist-neuer-buergermeister-seine-rede-sorgt-fuer-wirbel-94230438-html-23086\/"},"modified":"2026-03-22T23:40:36","modified_gmt":"2026-03-22T22:40:36","slug":"schwarzfischer-ist-neuer-buergermeister-seine-rede-sorgt-fuer-wirbel-94230438-html","status":"publish","type":"post","link":"http:\/\/cms.mtsomnii.de\/w7\/merkur-de-gap\/schwarzfischer-ist-neuer-buergermeister-seine-rede-sorgt-fuer-wirbel-94230438-html-23086\/","title":{"rendered":"Schwarzfischer ist neuer B\u00fcrgermeister \u2013 Seine Rede sorgt f\u00fcr Wirbel"},"content":{"rendered":"<div>Die W\u00fcrfel sind gefallen: Florian Schwarzfischer (BIO) hat in Oberammergau die Stichwahl gegen Amtsinhaber Andreas R\u00f6dl (CSU) gewonnen. Und das deutlich.<\/div>\n","protected":false},"excerpt":{"rendered":"<p>Die W\u00fcrfel sind gefallen: Florian Schwarzfischer (BIO) hat in Oberammergau die Stichwahl gegen Amtsinhaber Andreas R\u00f6dl (CSU) gewonnen. Und das deutlich.<\/p>\n","protected":false},"author":5,"featured_media":0,"comment_status":"closed","ping_status":"open","sticky":false,"template":"","format":"standard","meta":[],"categories":[5],"tags":[],"_links":{"self":[{"href":"http:\/\/cms.mtsomnii.de\/w7\/wp-json\/wp\/v2\/posts\/23086"}],"collection":[{"href":"http:\/\/cms.mtsomnii.de\/w7\/wp-json\/wp\/v2\/posts"}],"about":[{"href":"http:\/\/cms.mtsomnii.de\/w7\/wp-json\/wp\/v2\/types\/post"}],"author":[{"embeddable":true,"href":"http:\/\/cms.mtsomnii.de\/w7\/wp-json\/wp\/v2\/users\/5"}],"replies":[{"embeddable":true,"href":"http:\/\/cms.mtsomnii.de\/w7\/wp-json\/wp\/v2\/comments?post=23086"}],"version-history":[{"count":0,"href":"http:\/\/cms.mtsomnii.de\/w7\/wp-json\/wp\/v2\/posts\/23086\/revisions"}],"wp:attachment":[{"href":"http:\/\/cms.mtsomnii.de\/w7\/wp-json\/wp\/v2\/media?parent=23086"}],"wp:term":[{"taxonomy":"category","embeddable":true,"href":"http:\/\/cms.mtsomnii.de\/w7\/wp-json\/wp\/v2\/categories?post=23086"},{"taxonomy":"post_tag","embeddable":true,"href":"http:\/\/cms.mtsomnii.de\/w7\/wp-json\/wp\/v2\/tags?post=23086"}],"curies":[{"name":"wp","href":"https:\/\/api.w.org\/{rel}","templated":true}]}}