{"id":23087,"date":"2026-03-23T08:50:50","date_gmt":"2026-03-23T07:50:50","guid":{"rendered":"http:\/\/cms.mtsomnii.de\/w7\/kreisbote-gap\/toedlicher-verkehrsunfall-in-garmisch-partenkirchen-94230597-html-23087\/"},"modified":"2026-03-23T08:50:50","modified_gmt":"2026-03-23T07:50:50","slug":"toedlicher-verkehrsunfall-in-garmisch-partenkirchen-94230597-html","status":"publish","type":"post","link":"http:\/\/cms.mtsomnii.de\/w7\/kreisbote-gap\/toedlicher-verkehrsunfall-in-garmisch-partenkirchen-94230597-html-23087\/","title":{"rendered":"T\u00f6dlicher Verkehrsunfall in Garmisch-Partenkirchen"},"content":{"rendered":"<div>Am Sonntagvormittag, 22. M\u00e4rz, kam es auf der B23 in Richtung \u00d6sterreich zu einem schweren Verkehrsunfall. Ein Pkw kam aus bislang ungekl\u00e4rter Ursache und ohne erkennbaren Grund nach links von der Fahrbahn ab, st\u00fcrzte eine B\u00f6schung hinab und kollidierte mit einem Baum. Die Beifahrerin erlag noch vor Ort ihren schweren Verletzungen; der Fahrer wurde schwerstverletzt.<\/div>\n","protected":false},"excerpt":{"rendered":"<p>Am Sonntagvormittag, 22. M\u00e4rz, kam es auf der B23 in Richtung \u00d6sterreich zu einem schweren Verkehrsunfall. Ein Pkw kam aus bislang ungekl\u00e4rter Ursache und ohne erkennbaren Grund nach links von der Fahrbahn ab, st\u00fcrzte eine B\u00f6schung hinab und kollidierte mit einem Baum. Die Beifahrerin erlag noch vor Ort ihren schweren Verletzungen; der Fahrer wurde schwerstverletzt.<\/p>\n","protected":false},"author":4,"featured_media":0,"comment_status":"closed","ping_status":"open","sticky":false,"template":"","format":"standard","meta":[],"categories":[2],"tags":[],"_links":{"self":[{"href":"http:\/\/cms.mtsomnii.de\/w7\/wp-json\/wp\/v2\/posts\/23087"}],"collection":[{"href":"http:\/\/cms.mtsomnii.de\/w7\/wp-json\/wp\/v2\/posts"}],"about":[{"href":"http:\/\/cms.mtsomnii.de\/w7\/wp-json\/wp\/v2\/types\/post"}],"author":[{"embeddable":true,"href":"http:\/\/cms.mtsomnii.de\/w7\/wp-json\/wp\/v2\/users\/4"}],"replies":[{"embeddable":true,"href":"http:\/\/cms.mtsomnii.de\/w7\/wp-json\/wp\/v2\/comments?post=23087"}],"version-history":[{"count":0,"href":"http:\/\/cms.mtsomnii.de\/w7\/wp-json\/wp\/v2\/posts\/23087\/revisions"}],"wp:attachment":[{"href":"http:\/\/cms.mtsomnii.de\/w7\/wp-json\/wp\/v2\/media?parent=23087"}],"wp:term":[{"taxonomy":"category","embeddable":true,"href":"http:\/\/cms.mtsomnii.de\/w7\/wp-json\/wp\/v2\/categories?post=23087"},{"taxonomy":"post_tag","embeddable":true,"href":"http:\/\/cms.mtsomnii.de\/w7\/wp-json\/wp\/v2\/tags?post=23087"}],"curies":[{"name":"wp","href":"https:\/\/api.w.org\/{rel}","templated":true}]}}