{"id":23099,"date":"2026-03-24T12:20:43","date_gmt":"2026-03-24T11:20:43","guid":{"rendered":"http:\/\/cms.mtsomnii.de\/w7\/merkur-de-gap\/garmisch-partenkirchen-von-voll-besetztem-linienbus-ueberrollt-mann-schwer-verletzt-94233002-html-23099\/"},"modified":"2026-03-24T12:20:43","modified_gmt":"2026-03-24T11:20:43","slug":"garmisch-partenkirchen-von-voll-besetztem-linienbus-ueberrollt-mann-schwer-verletzt-94233002-html","status":"publish","type":"post","link":"http:\/\/cms.mtsomnii.de\/w7\/merkur-de-gap\/garmisch-partenkirchen-von-voll-besetztem-linienbus-ueberrollt-mann-schwer-verletzt-94233002-html-23099\/","title":{"rendered":"Von voll besetztem Linienbus \u00fcberrollt: Mann schwer verletzt"},"content":{"rendered":"<div>In Garmisch-Partenkirchen ist ein 32-J\u00e4hriger von einem Linienbus \u00fcberrollt worden. Die Polizei ermittelt nun, wie es dazu kommen konnte.<\/div>\n","protected":false},"excerpt":{"rendered":"<p>In Garmisch-Partenkirchen ist ein 32-J\u00e4hriger von einem Linienbus \u00fcberrollt worden. Die Polizei ermittelt nun, wie es dazu kommen konnte.<\/p>\n","protected":false},"author":5,"featured_media":0,"comment_status":"closed","ping_status":"open","sticky":false,"template":"","format":"standard","meta":[],"categories":[5],"tags":[],"_links":{"self":[{"href":"http:\/\/cms.mtsomnii.de\/w7\/wp-json\/wp\/v2\/posts\/23099"}],"collection":[{"href":"http:\/\/cms.mtsomnii.de\/w7\/wp-json\/wp\/v2\/posts"}],"about":[{"href":"http:\/\/cms.mtsomnii.de\/w7\/wp-json\/wp\/v2\/types\/post"}],"author":[{"embeddable":true,"href":"http:\/\/cms.mtsomnii.de\/w7\/wp-json\/wp\/v2\/users\/5"}],"replies":[{"embeddable":true,"href":"http:\/\/cms.mtsomnii.de\/w7\/wp-json\/wp\/v2\/comments?post=23099"}],"version-history":[{"count":0,"href":"http:\/\/cms.mtsomnii.de\/w7\/wp-json\/wp\/v2\/posts\/23099\/revisions"}],"wp:attachment":[{"href":"http:\/\/cms.mtsomnii.de\/w7\/wp-json\/wp\/v2\/media?parent=23099"}],"wp:term":[{"taxonomy":"category","embeddable":true,"href":"http:\/\/cms.mtsomnii.de\/w7\/wp-json\/wp\/v2\/categories?post=23099"},{"taxonomy":"post_tag","embeddable":true,"href":"http:\/\/cms.mtsomnii.de\/w7\/wp-json\/wp\/v2\/tags?post=23099"}],"curies":[{"name":"wp","href":"https:\/\/api.w.org\/{rel}","templated":true}]}}