{"id":23104,"date":"2026-03-25T08:17:25","date_gmt":"2026-03-25T07:17:25","guid":{"rendered":"http:\/\/cms.mtsomnii.de\/w7\/kreisbote-gap\/klimafruehling-und-stadtradeln-zwei-projekte-im-oberland-fuer-gemeinschaftliche-nachhaltigkeit-94234251-html-23104\/"},"modified":"2026-03-25T08:17:25","modified_gmt":"2026-03-25T07:17:25","slug":"klimafruehling-und-stadtradeln-zwei-projekte-im-oberland-fuer-gemeinschaftliche-nachhaltigkeit-94234251-html","status":"publish","type":"post","link":"http:\/\/cms.mtsomnii.de\/w7\/kreisbote-gap\/klimafruehling-und-stadtradeln-zwei-projekte-im-oberland-fuer-gemeinschaftliche-nachhaltigkeit-94234251-html-23104\/","title":{"rendered":"Klimafr\u00fchling und Stadtradeln\u00a0\u2013 zwei Projekte im Oberland f\u00fcr gemeinschaftliche Nachhaltigkeit"},"content":{"rendered":"<div>Bald ist es soweit, der f\u00fcnfte Klimafr\u00fchling der Region Oberbayern steht an. Zwischen 17. April und 10. Mai  finden in den vier Landkreisen Bad T\u00f6lz-Wolfratshausen, Garmisch-Partenkirchen, Miesbach und Weilheim-Schongau insgesamt mehr als 170 Veranstaltungen rund um Nachhaltigkeit und Umweltschutz statt \u2013 an die 50 davon allein im Landkreis Garmisch-Partenkirchen.<\/div>\n","protected":false},"excerpt":{"rendered":"<p>Bald ist es soweit, der f\u00fcnfte Klimafr\u00fchling der Region Oberbayern steht an. Zwischen 17. April und 10. Mai finden in den vier Landkreisen Bad T\u00f6lz-Wolfratshausen, Garmisch-Partenkirchen, Miesbach und Weilheim-Schongau insgesamt mehr als 170 Veranstaltungen rund um Nachhaltigkeit und Umweltschutz statt \u2013 an die 50 davon allein im Landkreis Garmisch-Partenkirchen.<\/p>\n","protected":false},"author":4,"featured_media":0,"comment_status":"closed","ping_status":"open","sticky":false,"template":"","format":"standard","meta":[],"categories":[2],"tags":[],"_links":{"self":[{"href":"http:\/\/cms.mtsomnii.de\/w7\/wp-json\/wp\/v2\/posts\/23104"}],"collection":[{"href":"http:\/\/cms.mtsomnii.de\/w7\/wp-json\/wp\/v2\/posts"}],"about":[{"href":"http:\/\/cms.mtsomnii.de\/w7\/wp-json\/wp\/v2\/types\/post"}],"author":[{"embeddable":true,"href":"http:\/\/cms.mtsomnii.de\/w7\/wp-json\/wp\/v2\/users\/4"}],"replies":[{"embeddable":true,"href":"http:\/\/cms.mtsomnii.de\/w7\/wp-json\/wp\/v2\/comments?post=23104"}],"version-history":[{"count":0,"href":"http:\/\/cms.mtsomnii.de\/w7\/wp-json\/wp\/v2\/posts\/23104\/revisions"}],"wp:attachment":[{"href":"http:\/\/cms.mtsomnii.de\/w7\/wp-json\/wp\/v2\/media?parent=23104"}],"wp:term":[{"taxonomy":"category","embeddable":true,"href":"http:\/\/cms.mtsomnii.de\/w7\/wp-json\/wp\/v2\/categories?post=23104"},{"taxonomy":"post_tag","embeddable":true,"href":"http:\/\/cms.mtsomnii.de\/w7\/wp-json\/wp\/v2\/tags?post=23104"}],"curies":[{"name":"wp","href":"https:\/\/api.w.org\/{rel}","templated":true}]}}