{"id":23106,"date":"2026-03-25T17:19:34","date_gmt":"2026-03-25T16:19:34","guid":{"rendered":"http:\/\/cms.mtsomnii.de\/w7\/merkur-de-gap\/tunnel-oberau-oberbayern-bundesstrasse-2-gesperrt-gegenverkehr-anwohner-94235583-html-23106\/"},"modified":"2026-03-25T17:19:34","modified_gmt":"2026-03-25T16:19:34","slug":"tunnel-oberau-oberbayern-bundesstrasse-2-gesperrt-gegenverkehr-anwohner-94235583-html","status":"publish","type":"post","link":"http:\/\/cms.mtsomnii.de\/w7\/merkur-de-gap\/tunnel-oberau-oberbayern-bundesstrasse-2-gesperrt-gegenverkehr-anwohner-94235583-html-23106\/","title":{"rendered":"Erleichterung f\u00fcr Anwohner soll endlich kommen: Tunnel in Oberbayern wird f\u00fcr Tests gesperrt"},"content":{"rendered":"<div>Der Tunnel an der Bundesstra\u00dfe 2 in Oberau soll f\u00fcr den Betrieb mit Gegenverkehr freigegeben werden. F\u00fcr die entscheidenden Tests wird das Bauwerk gesperrt.<\/div>\n","protected":false},"excerpt":{"rendered":"<p>Der Tunnel an der Bundesstra\u00dfe 2 in Oberau soll f\u00fcr den Betrieb mit Gegenverkehr freigegeben werden. F\u00fcr die entscheidenden Tests wird das Bauwerk gesperrt.<\/p>\n","protected":false},"author":5,"featured_media":0,"comment_status":"closed","ping_status":"open","sticky":false,"template":"","format":"standard","meta":[],"categories":[5],"tags":[],"_links":{"self":[{"href":"http:\/\/cms.mtsomnii.de\/w7\/wp-json\/wp\/v2\/posts\/23106"}],"collection":[{"href":"http:\/\/cms.mtsomnii.de\/w7\/wp-json\/wp\/v2\/posts"}],"about":[{"href":"http:\/\/cms.mtsomnii.de\/w7\/wp-json\/wp\/v2\/types\/post"}],"author":[{"embeddable":true,"href":"http:\/\/cms.mtsomnii.de\/w7\/wp-json\/wp\/v2\/users\/5"}],"replies":[{"embeddable":true,"href":"http:\/\/cms.mtsomnii.de\/w7\/wp-json\/wp\/v2\/comments?post=23106"}],"version-history":[{"count":0,"href":"http:\/\/cms.mtsomnii.de\/w7\/wp-json\/wp\/v2\/posts\/23106\/revisions"}],"wp:attachment":[{"href":"http:\/\/cms.mtsomnii.de\/w7\/wp-json\/wp\/v2\/media?parent=23106"}],"wp:term":[{"taxonomy":"category","embeddable":true,"href":"http:\/\/cms.mtsomnii.de\/w7\/wp-json\/wp\/v2\/categories?post=23106"},{"taxonomy":"post_tag","embeddable":true,"href":"http:\/\/cms.mtsomnii.de\/w7\/wp-json\/wp\/v2\/tags?post=23106"}],"curies":[{"name":"wp","href":"https:\/\/api.w.org\/{rel}","templated":true}]}}