{"id":23109,"date":"2026-03-26T09:44:14","date_gmt":"2026-03-26T08:44:14","guid":{"rendered":"http:\/\/cms.mtsomnii.de\/w7\/merkur-de-gap\/skigebiet-oberbayern-steckenberg-lift-alm-unterammergau-bilanz-winter-94236202-html-23109\/"},"modified":"2026-03-26T09:44:14","modified_gmt":"2026-03-26T08:44:14","slug":"skigebiet-oberbayern-steckenberg-lift-alm-unterammergau-bilanz-winter-94236202-html","status":"publish","type":"post","link":"http:\/\/cms.mtsomnii.de\/w7\/merkur-de-gap\/skigebiet-oberbayern-steckenberg-lift-alm-unterammergau-bilanz-winter-94236202-html-23109\/","title":{"rendered":"\u201eBester Winter\u201c seit 1972: Betreiber von Skigebiet in Oberbayern ziehen \u00e4u\u00dferst positive Bilanz"},"content":{"rendered":"<div>Eine \u00e4u\u00dferst positive Bilanz ziehen die Betriebs des Skigebiets am Steckenberg in Unterammergau. Die Rede ist gar vom \u201ebesten Winter\u201c seit 1972.<\/div>\n","protected":false},"excerpt":{"rendered":"<p>Eine \u00e4u\u00dferst positive Bilanz ziehen die Betriebs des Skigebiets am Steckenberg in Unterammergau. Die Rede ist gar vom \u201ebesten Winter\u201c seit 1972.<\/p>\n","protected":false},"author":5,"featured_media":0,"comment_status":"closed","ping_status":"open","sticky":false,"template":"","format":"standard","meta":[],"categories":[5],"tags":[],"_links":{"self":[{"href":"http:\/\/cms.mtsomnii.de\/w7\/wp-json\/wp\/v2\/posts\/23109"}],"collection":[{"href":"http:\/\/cms.mtsomnii.de\/w7\/wp-json\/wp\/v2\/posts"}],"about":[{"href":"http:\/\/cms.mtsomnii.de\/w7\/wp-json\/wp\/v2\/types\/post"}],"author":[{"embeddable":true,"href":"http:\/\/cms.mtsomnii.de\/w7\/wp-json\/wp\/v2\/users\/5"}],"replies":[{"embeddable":true,"href":"http:\/\/cms.mtsomnii.de\/w7\/wp-json\/wp\/v2\/comments?post=23109"}],"version-history":[{"count":0,"href":"http:\/\/cms.mtsomnii.de\/w7\/wp-json\/wp\/v2\/posts\/23109\/revisions"}],"wp:attachment":[{"href":"http:\/\/cms.mtsomnii.de\/w7\/wp-json\/wp\/v2\/media?parent=23109"}],"wp:term":[{"taxonomy":"category","embeddable":true,"href":"http:\/\/cms.mtsomnii.de\/w7\/wp-json\/wp\/v2\/categories?post=23109"},{"taxonomy":"post_tag","embeddable":true,"href":"http:\/\/cms.mtsomnii.de\/w7\/wp-json\/wp\/v2\/tags?post=23109"}],"curies":[{"name":"wp","href":"https:\/\/api.w.org\/{rel}","templated":true}]}}